{"id":5726,"date":"2026-03-13T15:26:51","date_gmt":"2026-03-13T15:26:51","guid":{"rendered":"https:\/\/cura-explore.com\/aluguel-do-kia-seltos-2026-em-curacao-conforto-espaco-e-o-suv-perfeito-para-as-suas-ferias\/"},"modified":"2026-03-13T16:04:14","modified_gmt":"2026-03-13T16:04:14","slug":"aluguel-do-kia-seltos-2026-em-curacao-conforto-espaco-e-o-suv-perfeito-para-as-suas-ferias","status":"publish","type":"post","link":"https:\/\/cura-explore.com\/pt-br\/aluguel-do-kia-seltos-2026-em-curacao-conforto-espaco-e-o-suv-perfeito-para-as-suas-ferias\/","title":{"rendered":"Aluguel do Kia Seltos 2026 em Cura\u00e7ao &#8211; Conforto, espa\u00e7o e o SUV perfeito para as suas f\u00e9rias"},"content":{"rendered":"\t\t<div data-elementor-type=\"wp-post\" data-elementor-id=\"5726\" class=\"elementor elementor-5726 elementor-5694\" data-elementor-post-type=\"post\">\n\t\t\t\t<div class=\"elementor-element elementor-element-7bd03a19 e-flex e-con-boxed e-con e-parent\" data-id=\"7bd03a19\" data-element_type=\"container\" data-e-type=\"container\">\n\t\t\t\t\t<div class=\"e-con-inner\">\n\t\t\t\t<div class=\"elementor-element elementor-element-12edb8f5 elementor-widget elementor-widget-text-editor\" data-id=\"12edb8f5\" data-element_type=\"widget\" data-e-type=\"widget\" data-widget_type=\"text-editor.default\">\n\t\t\t\t\t\t\t\t\t<p>O <strong>Kia Seltos 2026<\/strong> \u00e9 a mais recente adi\u00e7\u00e3o \u00e0 frota da <a href=\"https:\/\/cura-explore.com\/pt-br\/\" target=\"_blank\" rel=\"noopener\"><strong>Cura Explore Car Rentals<\/strong><\/a>. Esse moderno SUV combina conforto, espa\u00e7o e confiabilidade, tornando-o perfeito para turistas que desejam explorar Cura\u00e7ao de forma descontra\u00edda. Quer voc\u00ea dirija para as praias de Westpunt, queira explorar Willemstad ou planejar uma viagem de um dia para Jan Thiel, o Kia Seltos sempre far\u00e1 com que voc\u00ea viaje com conforto e seguran\u00e7a.  <\/p><h2 id=\"h-waarom-de-kia-seltos-perfect-is-voor-curacao\" class=\"wp-block-heading\"><strong>Por que o Kia Seltos \u00e9 perfeito para Cura\u00e7ao<\/strong><\/h2><p id=\"h-waarom-de-kia-seltos-perfect-is-voor-curacao\">Cura\u00e7ao \u00e9 maior do que muitas pessoas imaginam. As mais belas praias est\u00e3o espalhadas por toda a ilha e muitos desses lugares s\u00e3o mais facilmente alcan\u00e7ados de carro. O <strong>Kia Seltos 2026<\/strong> \u00e9, portanto, a escolha ideal para viajantes que desejam combinar liberdade e conforto.  <\/p><p>O carro oferece uma <strong>posi\u00e7\u00e3o de assento mais alta<\/strong>, o que proporciona uma melhor vis\u00e3o geral da estrada. Isso \u00e9 especialmente bom ao explorar a ilha ou dirigir em estradas fora da cidade. <\/p><p id=\"h-waarom-de-kia-seltos-perfect-is-voor-curacao\">Al\u00e9m disso, o Seltos tem um <strong>interior espa\u00e7oso<\/strong>, o que o torna ideal para fam\u00edlias, casais ou grupos de amigos com bagagem.<\/p><h2 id=\"h-perfect-voor-eilandavonturen\" class=\"wp-block-heading\"><strong>Perfeito para aventuras na ilha<\/strong><\/h2><p id=\"h-perfect-voor-eilandavonturen\">Com um Kia Seltos, voc\u00ea pode visitar facilmente todos os destaques de Cura\u00e7ao, como:<\/p><ul class=\"wp-block-list\"><li><strong>Jan Thiel Beach<\/strong> &#8211; um local popular com clubes de praia e restaurantes<\/li><li><strong>Mambo Beach Boulevard<\/strong> &#8211; perfeito para fazer compras e comer fora<\/li><li><strong>Willemstad<\/strong> &#8211; a colorida capital com a famosa ponte flutuante<\/li><li><strong>Westpunt<\/strong> &#8211; onde voc\u00ea encontrar\u00e1 as praias mais bonitas da ilha, como Grote Knip e Playa Kalki<\/li><li><strong>Christoffel Park<\/strong> &#8211; para aqueles que amam a natureza e a aventura<\/li><\/ul><p id=\"h-perfect-voor-eilandavonturen\">Gra\u00e7as \u00e0 suspens\u00e3o confort\u00e1vel e ao motor potente, voc\u00ea viajar\u00e1 sem esfor\u00e7o por toda a ilha.<\/p><p><a href=\"https:\/\/www.instagram.com\/cura.explore\/\" target=\"_blank\" rel=\"noopener\"><img fetchpriority=\"high\" decoding=\"async\" class=\"aligncenter wp-image-5695 size-large\" src=\"https:\/\/cura-explore.com\/wp-content\/uploads\/2026\/03\/WhatsApp-Image-2026-03-12-at-2.25.38-PM-683x1024.jpeg\" alt=\"aluguel de carros curacao SUV\" width=\"683\" height=\"1024\" srcset=\"https:\/\/cura-explore.com\/wp-content\/uploads\/2026\/03\/WhatsApp-Image-2026-03-12-at-2.25.38-PM-683x1024.jpeg 683w, https:\/\/cura-explore.com\/wp-content\/uploads\/2026\/03\/WhatsApp-Image-2026-03-12-at-2.25.38-PM-200x300.jpeg 200w, https:\/\/cura-explore.com\/wp-content\/uploads\/2026\/03\/WhatsApp-Image-2026-03-12-at-2.25.38-PM-768x1152.jpeg 768w, https:\/\/cura-explore.com\/wp-content\/uploads\/2026\/03\/WhatsApp-Image-2026-03-12-at-2.25.38-PM.jpeg 1024w\" sizes=\"(max-width: 683px) 100vw, 683px\" \/><\/a><\/p><h2 id=\"h-ruimte-en-comfort-voor-je-vakantie\" class=\"wp-block-heading\"><strong>Espa\u00e7o e conforto para suas f\u00e9rias<\/strong><\/h2><p>Os turistas geralmente escolhem um SUV porque ele oferece <strong>mais espa\u00e7o e conforto<\/strong> do que um carro pequeno. O Kia Seltos tem: <\/p><ul class=\"wp-block-list\"><li>Espa\u00e7o para <strong>5 pessoas<\/strong><strong><br><\/strong><\/li><li>Um <strong>porta-malas espa\u00e7oso para malas e equipamentos de praia<\/strong><strong><br><\/strong><\/li><li><strong>Ar condicionado<\/strong> para o clima quente do Caribe<\/li><li>Tecnologia moderna e sistemas de seguran\u00e7a<\/li><li>Assentos confort\u00e1veis para viagens mais longas pela ilha<\/li><\/ul><p>Isso torna o Seltos ideal tanto para viagens curtas \u00e0 praia quanto para passeios mais longos pela ilha.<\/p><h2 id=\"h-auto-huren-op-curacao-luchthaven\" class=\"wp-block-heading\"><strong>Alugue um carro no aeroporto de Cura\u00e7ao<\/strong><\/h2><p>Muitos viajantes optam por retirar seu carro alugado imediatamente ap\u00f3s a chegada ao <strong>Aeroporto Internacional de Cura\u00e7ao (Aeroporto Hato)<\/strong>. Dessa forma, voc\u00ea pode pegar a estrada imediatamente ap\u00f3s o desembarque e n\u00e3o precisa providenciar um t\u00e1xi. <\/p><p>Na <strong>Cura Explore Car Rentals<\/strong>, garantimos que a retirada do seu carro seja r\u00e1pida e f\u00e1cil, para que voc\u00ea possa come\u00e7ar suas f\u00e9rias imediatamente.<\/p><p><a href=\"https:\/\/www.youtube.com\/@CuraExploreCarRentals\" target=\"_blank\" rel=\"noopener\"><img decoding=\"async\" class=\"aligncenter wp-image-5700 size-large\" src=\"https:\/\/cura-explore.com\/wp-content\/uploads\/2026\/03\/WhatsApp-Image-2026-03-12-at-2.24.38-PM-768x1024.jpeg\" alt=\"Aluguel de carros Cura Explore Kia Sonet\" width=\"768\" height=\"1024\" srcset=\"https:\/\/cura-explore.com\/wp-content\/uploads\/2026\/03\/WhatsApp-Image-2026-03-12-at-2.24.38-PM-768x1024.jpeg 768w, https:\/\/cura-explore.com\/wp-content\/uploads\/2026\/03\/WhatsApp-Image-2026-03-12-at-2.24.38-PM-225x300.jpeg 225w, https:\/\/cura-explore.com\/wp-content\/uploads\/2026\/03\/WhatsApp-Image-2026-03-12-at-2.24.38-PM-1152x1536.jpeg 1152w, https:\/\/cura-explore.com\/wp-content\/uploads\/2026\/03\/WhatsApp-Image-2026-03-12-at-2.24.38-PM.jpeg 1536w\" sizes=\"(max-width: 768px) 100vw, 768px\" \/><\/a><\/p><h2 id=\"h-waarom-huren-bij-cura-explore-car-rentals\" class=\"wp-block-heading\"><strong>Por que alugar com a Cura Explore Car Rentals?<\/strong><\/h2><p>Na Cura Explore, acreditamos no <strong>aluguel de carros transparente e honesto<\/strong>. \u00c9 por isso que muitos turistas nos escolhem quando alugam um carro em Cura\u00e7ao. <\/p><p>Nossas vantagens:<\/p><p>Pre\u00e7os com tudo inclu\u00eddo &#8211; sem custos ocultos<br>\u2714 Ve\u00edculos novos e bem conservados<br>\u2714 Servi\u00e7o r\u00e1pido e personalizado<br>\u2714 Possibilidade de retirada no aeroporto, hotel ou apartamento<br>\u2714 Empresa local confi\u00e1vel de aluguel de carros com excelentes avalia\u00e7\u00f5es<\/p><p>N\u00f3s garantimos que voc\u00ea possa <strong>descobrir Cura\u00e7ao sem preocupa\u00e7\u00f5es<\/strong>.<\/p><h2 id=\"h-ontdek-curacao-met-de-kia-seltos\" class=\"wp-block-heading\"><strong>\ud83c\udf1e Descubra Cura\u00e7ao com a Kia Seltos<\/strong><\/h2><p>O <strong>Kia Seltos 2026<\/strong> \u00e9 o SUV perfeito para viajantes que buscam conforto, espa\u00e7o e confiabilidade durante as f\u00e9rias em Cura\u00e7ao. Quer voc\u00ea queira explorar praias, parques naturais ou a cidade, voc\u00ea sempre viajar\u00e1 relaxado com esse carro. <\/p><p>Deseja <strong>alugar<\/strong> o <strong>Kia Seltos em Cura\u00e7ao<\/strong>?<br>Contato <a href=\"https:\/\/cura-explore.com\/pt-br\/\" target=\"_blank\" rel=\"noopener\"><strong>Cura Explore Car Rentals<\/strong><\/a> e obtenha uma cota\u00e7\u00e3o r\u00e1pida e sem compromisso.<\/p><p>\ud83d\ude97 <strong>Cura Explore Car Rentals &#8211; Explore Cura\u00e7ao com conforto.<\/strong><\/p><p><a href=\"https:\/\/www.facebook.com\/profile.php?id=61557509752065\" target=\"_blank\" rel=\"noopener\"><img decoding=\"async\" class=\"aligncenter wp-image-5705 size-large\" src=\"https:\/\/cura-explore.com\/wp-content\/uploads\/2026\/03\/WhatsApp-Image-2026-03-12-at-2.30.44-PM-768x1024.jpeg\" alt=\"Aluguel de carros em Cura\u00e7ao Kia Sonet SUV\" width=\"768\" height=\"1024\" srcset=\"https:\/\/cura-explore.com\/wp-content\/uploads\/2026\/03\/WhatsApp-Image-2026-03-12-at-2.30.44-PM-768x1024.jpeg 768w, https:\/\/cura-explore.com\/wp-content\/uploads\/2026\/03\/WhatsApp-Image-2026-03-12-at-2.30.44-PM-225x300.jpeg 225w, https:\/\/cura-explore.com\/wp-content\/uploads\/2026\/03\/WhatsApp-Image-2026-03-12-at-2.30.44-PM-1152x1536.jpeg 1152w, https:\/\/cura-explore.com\/wp-content\/uploads\/2026\/03\/WhatsApp-Image-2026-03-12-at-2.30.44-PM.jpeg 1536w\" sizes=\"(max-width: 768px) 100vw, 768px\" \/><\/a><\/p><p id=\"h-perfect-voor-eilandavonturen\"> <\/p>\t\t\t\t\t\t\t\t<\/div>\n\t\t\t\t\t<\/div>\n\t\t\t\t<\/div>\n\t\t<div class=\"elementor-element elementor-element-3da3a87 e-flex e-con-boxed e-con e-parent\" data-id=\"3da3a87\" data-element_type=\"container\" data-e-type=\"container\">\n\t\t\t\t\t<div class=\"e-con-inner\">\n\t\t\t\t<div class=\"elementor-element elementor-element-0bcbf8a elementor-widget elementor-widget-video\" data-id=\"0bcbf8a\" data-element_type=\"widget\" data-e-type=\"widget\" data-settings=\"{&quot;youtube_url&quot;:&quot;https:\\\/\\\/www.youtube.com\\\/watch?v=h60Wmz7uADs&quot;,&quot;video_type&quot;:&quot;youtube&quot;,&quot;controls&quot;:&quot;yes&quot;}\" data-widget_type=\"video.default\">\n\t\t\t\t\t\t\t<div class=\"elementor-wrapper elementor-open-inline\">\n\t\t\t<div class=\"elementor-video\"><\/div>\t\t<\/div>\n\t\t\t\t\t\t<\/div>\n\t\t\t\t\t<\/div>\n\t\t\t\t<\/div>\n\t\t\t\t<\/div>\n\t\t","protected":false},"excerpt":{"rendered":"<p>O Kia Seltos 2026 \u00e9 a mais recente adi\u00e7\u00e3o \u00e0 frota da Cura Explore Car Rentals. Esse moderno SUV combina conforto, espa\u00e7o e confiabilidade, tornando-o perfeito para turistas que desejam explorar Cura\u00e7ao de forma descontra\u00edda. Quer voc\u00ea dirija para as praias de Westpunt, queira explorar Willemstad ou planejar uma viagem de um dia para Jan [&hellip;]<\/p>\n","protected":false},"author":1,"featured_media":0,"comment_status":"open","ping_status":"open","sticky":false,"template":"","format":"standard","meta":{"footnotes":""},"categories":[19],"tags":[],"class_list":["post-5726","post","type-post","status-publish","format-standard","hentry","category-sem-categoria"],"yoast_head":"<!-- This site is optimized with the Yoast SEO Premium plugin v27.4 (Yoast SEO v27.2) - https:\/\/yoast.com\/product\/yoast-seo-premium-wordpress\/ -->\n<title>Aluguel do Kia Seltos 2026 em Cura\u00e7ao - Conforto, espa\u00e7o e o SUV perfeito para as suas f\u00e9rias - Cura Explore<\/title>\n<meta name=\"description\" content=\"O Kia Seltos 2026 \u00e9 a mais recente adi\u00e7\u00e3o \u00e0 frota da Cura Explore Car Rentals. Esse moderno SUV combina conforto, espa\u00e7o e confiabilidade, tornando-o\" \/>\n<meta name=\"robots\" content=\"index, follow, max-snippet:-1, max-image-preview:large, max-video-preview:-1\" \/>\n<link rel=\"canonical\" href=\"https:\/\/cura-explore.com\/kia-seltos-2026-huren-op-curacao-comfort-ruimte-en-perfecte-suv-voor-jouw-vakantie\/\" \/>\n<meta property=\"og:locale\" content=\"pt_BR\" \/>\n<meta property=\"og:type\" content=\"article\" \/>\n<meta property=\"og:title\" content=\"Aluguel do Kia Seltos 2026 em Cura\u00e7ao - Conforto, espa\u00e7o e o SUV perfeito para as suas f\u00e9rias - Cura Explore\" \/>\n<meta property=\"og:description\" content=\"O Kia Seltos 2026 \u00e9 a mais recente adi\u00e7\u00e3o \u00e0 frota da Cura Explore Car Rentals. Esse moderno SUV combina conforto, espa\u00e7o e confiabilidade, tornando-o\" \/>\n<meta property=\"og:url\" content=\"https:\/\/cura-explore.com\/kia-seltos-2026-huren-op-curacao-comfort-ruimte-en-perfecte-suv-voor-jouw-vakantie\/\" \/>\n<meta property=\"og:site_name\" content=\"Cura Explore\" \/>\n<meta property=\"article:publisher\" content=\"https:\/\/www.facebook.com\/profile.php?id=61557509752065\" \/>\n<meta property=\"article:published_time\" content=\"2026-03-13T15:26:51+00:00\" \/>\n<meta property=\"article:modified_time\" content=\"2026-03-13T16:04:14+00:00\" \/>\n<meta property=\"og:image\" content=\"https:\/\/cura-explore.com\/wp-content\/uploads\/2026\/03\/WhatsApp-Image-2026-03-12-at-2.25.38-PM.jpeg\" \/>\n\t<meta property=\"og:image:width\" content=\"1024\" \/>\n\t<meta property=\"og:image:height\" content=\"1536\" \/>\n\t<meta property=\"og:image:type\" content=\"image\/jpeg\" \/>\n<meta name=\"author\" content=\"admin\" \/>\n<meta name=\"twitter:card\" content=\"summary_large_image\" \/>\n<meta name=\"twitter:label1\" content=\"Escrito por\" \/>\n\t<meta name=\"twitter:data1\" content=\"admin\" \/>\n\t<meta name=\"twitter:label2\" content=\"Est. tempo de leitura\" \/>\n\t<meta name=\"twitter:data2\" content=\"4 minutos\" \/>\n<script type=\"application\/ld+json\" class=\"yoast-schema-graph\">{\"@context\":\"https:\/\/schema.org\",\"@graph\":[{\"@type\":\"Article\",\"@id\":\"https:\/\/cura-explore.com\/kia-seltos-2026-huren-op-curacao-comfort-ruimte-en-perfecte-suv-voor-jouw-vakantie\/#article\",\"isPartOf\":{\"@id\":\"https:\/\/cura-explore.com\/kia-seltos-2026-huren-op-curacao-comfort-ruimte-en-perfecte-suv-voor-jouw-vakantie\/\"},\"author\":{\"name\":\"admin\",\"@id\":\"https:\/\/cura-explore.com\/#\/schema\/person\/7c4f8f44c34e4e799b97fb64328278cd\"},\"headline\":\"Aluguel do Kia Seltos 2026 em Cura\u00e7ao &#8211; Conforto, espa\u00e7o e o SUV perfeito para as suas f\u00e9rias\",\"datePublished\":\"2026-03-13T15:26:51+00:00\",\"dateModified\":\"2026-03-13T16:04:14+00:00\",\"mainEntityOfPage\":{\"@id\":\"https:\/\/cura-explore.com\/kia-seltos-2026-huren-op-curacao-comfort-ruimte-en-perfecte-suv-voor-jouw-vakantie\/\"},\"wordCount\":648,\"commentCount\":0,\"publisher\":{\"@id\":\"https:\/\/cura-explore.com\/#organization\"},\"image\":{\"@id\":\"https:\/\/cura-explore.com\/kia-seltos-2026-huren-op-curacao-comfort-ruimte-en-perfecte-suv-voor-jouw-vakantie\/#primaryimage\"},\"thumbnailUrl\":\"https:\/\/cura-explore.com\/wp-content\/uploads\/2026\/03\/WhatsApp-Image-2026-03-12-at-2.25.38-PM-683x1024.jpeg\",\"inLanguage\":\"pt-BR\",\"potentialAction\":[{\"@type\":\"CommentAction\",\"name\":\"Comment\",\"target\":[\"https:\/\/cura-explore.com\/kia-seltos-2026-huren-op-curacao-comfort-ruimte-en-perfecte-suv-voor-jouw-vakantie\/#respond\"]}]},{\"@type\":\"WebPage\",\"@id\":\"https:\/\/cura-explore.com\/kia-seltos-2026-huren-op-curacao-comfort-ruimte-en-perfecte-suv-voor-jouw-vakantie\/\",\"url\":\"https:\/\/cura-explore.com\/kia-seltos-2026-huren-op-curacao-comfort-ruimte-en-perfecte-suv-voor-jouw-vakantie\/\",\"name\":\"Aluguel do Kia Seltos 2026 em Cura\u00e7ao - Conforto, espa\u00e7o e o SUV perfeito para as suas f\u00e9rias - Cura Explore\",\"isPartOf\":{\"@id\":\"https:\/\/cura-explore.com\/#website\"},\"primaryImageOfPage\":{\"@id\":\"https:\/\/cura-explore.com\/kia-seltos-2026-huren-op-curacao-comfort-ruimte-en-perfecte-suv-voor-jouw-vakantie\/#primaryimage\"},\"image\":{\"@id\":\"https:\/\/cura-explore.com\/kia-seltos-2026-huren-op-curacao-comfort-ruimte-en-perfecte-suv-voor-jouw-vakantie\/#primaryimage\"},\"thumbnailUrl\":\"https:\/\/cura-explore.com\/wp-content\/uploads\/2026\/03\/WhatsApp-Image-2026-03-12-at-2.25.38-PM-683x1024.jpeg\",\"datePublished\":\"2026-03-13T15:26:51+00:00\",\"dateModified\":\"2026-03-13T16:04:14+00:00\",\"description\":\"O Kia Seltos 2026 \u00e9 a mais recente adi\u00e7\u00e3o \u00e0 frota da Cura Explore Car Rentals. Esse moderno SUV combina conforto, espa\u00e7o e confiabilidade, tornando-o\",\"breadcrumb\":{\"@id\":\"https:\/\/cura-explore.com\/kia-seltos-2026-huren-op-curacao-comfort-ruimte-en-perfecte-suv-voor-jouw-vakantie\/#breadcrumb\"},\"inLanguage\":\"pt-BR\",\"potentialAction\":[{\"@type\":\"ReadAction\",\"target\":[\"https:\/\/cura-explore.com\/kia-seltos-2026-huren-op-curacao-comfort-ruimte-en-perfecte-suv-voor-jouw-vakantie\/\"]}]},{\"@type\":\"ImageObject\",\"inLanguage\":\"pt-BR\",\"@id\":\"https:\/\/cura-explore.com\/kia-seltos-2026-huren-op-curacao-comfort-ruimte-en-perfecte-suv-voor-jouw-vakantie\/#primaryimage\",\"url\":\"https:\/\/cura-explore.com\/wp-content\/uploads\/2026\/03\/WhatsApp-Image-2026-03-12-at-2.25.38-PM-683x1024.jpeg\",\"contentUrl\":\"https:\/\/cura-explore.com\/wp-content\/uploads\/2026\/03\/WhatsApp-Image-2026-03-12-at-2.25.38-PM-683x1024.jpeg\"},{\"@type\":\"BreadcrumbList\",\"@id\":\"https:\/\/cura-explore.com\/kia-seltos-2026-huren-op-curacao-comfort-ruimte-en-perfecte-suv-voor-jouw-vakantie\/#breadcrumb\",\"itemListElement\":[{\"@type\":\"ListItem\",\"position\":1,\"name\":\"Home\",\"item\":\"https:\/\/cura-explore.com\/\"},{\"@type\":\"ListItem\",\"position\":2,\"name\":\"Aluguel do Kia Seltos 2026 em Cura\u00e7ao &#8211; Conforto, espa\u00e7o e o SUV perfeito para as suas f\u00e9rias\"}]},{\"@type\":\"WebSite\",\"@id\":\"https:\/\/cura-explore.com\/#website\",\"url\":\"https:\/\/cura-explore.com\/\",\"name\":\"Cura Explore\",\"description\":\"Cura\u00e7ao Car Rental\",\"publisher\":{\"@id\":\"https:\/\/cura-explore.com\/#organization\"},\"potentialAction\":[{\"@type\":\"SearchAction\",\"target\":{\"@type\":\"EntryPoint\",\"urlTemplate\":\"https:\/\/cura-explore.com\/?s={search_term_string}\"},\"query-input\":{\"@type\":\"PropertyValueSpecification\",\"valueRequired\":true,\"valueName\":\"search_term_string\"}}],\"inLanguage\":\"pt-BR\"},{\"@type\":\"Organization\",\"@id\":\"https:\/\/cura-explore.com\/#organization\",\"name\":\"Cura Explore\",\"url\":\"https:\/\/cura-explore.com\/\",\"logo\":{\"@type\":\"ImageObject\",\"inLanguage\":\"pt-BR\",\"@id\":\"https:\/\/cura-explore.com\/#\/schema\/logo\/image\/\",\"url\":\"https:\/\/cura-explore.com\/wp-content\/uploads\/2024\/06\/logo-transparency-file-2-2.png\",\"contentUrl\":\"https:\/\/cura-explore.com\/wp-content\/uploads\/2024\/06\/logo-transparency-file-2-2.png\",\"width\":1506,\"height\":512,\"caption\":\"Cura Explore\"},\"image\":{\"@id\":\"https:\/\/cura-explore.com\/#\/schema\/logo\/image\/\"},\"sameAs\":[\"https:\/\/www.facebook.com\/profile.php?id=61557509752065\",\"https:\/\/www.instagram.com\/cura.explore\",\"https:\/\/www.youtube.com\/@CuraExploreCarRentals\"]},{\"@type\":\"Person\",\"@id\":\"https:\/\/cura-explore.com\/#\/schema\/person\/7c4f8f44c34e4e799b97fb64328278cd\",\"name\":\"admin\",\"image\":{\"@type\":\"ImageObject\",\"inLanguage\":\"pt-BR\",\"@id\":\"https:\/\/secure.gravatar.com\/avatar\/71dc6ae6c0aa95a5f2d9ced9245f9449bc49bee4d55f5d08f3c2910031162fa4?s=96&d=mm&r=g\",\"url\":\"https:\/\/secure.gravatar.com\/avatar\/71dc6ae6c0aa95a5f2d9ced9245f9449bc49bee4d55f5d08f3c2910031162fa4?s=96&d=mm&r=g\",\"contentUrl\":\"https:\/\/secure.gravatar.com\/avatar\/71dc6ae6c0aa95a5f2d9ced9245f9449bc49bee4d55f5d08f3c2910031162fa4?s=96&d=mm&r=g\",\"caption\":\"admin\"},\"sameAs\":[\"https:\/\/cura-explore.com\"],\"url\":\"https:\/\/cura-explore.com\/pt-br\/author\/admin\/\"}]}<\/script>\n<!-- \/ Yoast SEO Premium plugin. -->","yoast_head_json":{"title":"Aluguel do Kia Seltos 2026 em Cura\u00e7ao - Conforto, espa\u00e7o e o SUV perfeito para as suas f\u00e9rias - Cura Explore","description":"O Kia Seltos 2026 \u00e9 a mais recente adi\u00e7\u00e3o \u00e0 frota da Cura Explore Car Rentals. Esse moderno SUV combina conforto, espa\u00e7o e confiabilidade, tornando-o","robots":{"index":"index","follow":"follow","max-snippet":"max-snippet:-1","max-image-preview":"max-image-preview:large","max-video-preview":"max-video-preview:-1"},"canonical":"https:\/\/cura-explore.com\/kia-seltos-2026-huren-op-curacao-comfort-ruimte-en-perfecte-suv-voor-jouw-vakantie\/","og_locale":"pt_BR","og_type":"article","og_title":"Aluguel do Kia Seltos 2026 em Cura\u00e7ao - Conforto, espa\u00e7o e o SUV perfeito para as suas f\u00e9rias - Cura Explore","og_description":"O Kia Seltos 2026 \u00e9 a mais recente adi\u00e7\u00e3o \u00e0 frota da Cura Explore Car Rentals. Esse moderno SUV combina conforto, espa\u00e7o e confiabilidade, tornando-o","og_url":"https:\/\/cura-explore.com\/kia-seltos-2026-huren-op-curacao-comfort-ruimte-en-perfecte-suv-voor-jouw-vakantie\/","og_site_name":"Cura Explore","article_publisher":"https:\/\/www.facebook.com\/profile.php?id=61557509752065","article_published_time":"2026-03-13T15:26:51+00:00","article_modified_time":"2026-03-13T16:04:14+00:00","og_image":[{"width":1024,"height":1536,"url":"https:\/\/cura-explore.com\/wp-content\/uploads\/2026\/03\/WhatsApp-Image-2026-03-12-at-2.25.38-PM.jpeg","type":"image\/jpeg"}],"author":"admin","twitter_card":"summary_large_image","twitter_misc":{"Escrito por":"admin","Est. tempo de leitura":"4 minutos"},"schema":{"@context":"https:\/\/schema.org","@graph":[{"@type":"Article","@id":"https:\/\/cura-explore.com\/kia-seltos-2026-huren-op-curacao-comfort-ruimte-en-perfecte-suv-voor-jouw-vakantie\/#article","isPartOf":{"@id":"https:\/\/cura-explore.com\/kia-seltos-2026-huren-op-curacao-comfort-ruimte-en-perfecte-suv-voor-jouw-vakantie\/"},"author":{"name":"admin","@id":"https:\/\/cura-explore.com\/#\/schema\/person\/7c4f8f44c34e4e799b97fb64328278cd"},"headline":"Aluguel do Kia Seltos 2026 em Cura\u00e7ao &#8211; Conforto, espa\u00e7o e o SUV perfeito para as suas f\u00e9rias","datePublished":"2026-03-13T15:26:51+00:00","dateModified":"2026-03-13T16:04:14+00:00","mainEntityOfPage":{"@id":"https:\/\/cura-explore.com\/kia-seltos-2026-huren-op-curacao-comfort-ruimte-en-perfecte-suv-voor-jouw-vakantie\/"},"wordCount":648,"commentCount":0,"publisher":{"@id":"https:\/\/cura-explore.com\/#organization"},"image":{"@id":"https:\/\/cura-explore.com\/kia-seltos-2026-huren-op-curacao-comfort-ruimte-en-perfecte-suv-voor-jouw-vakantie\/#primaryimage"},"thumbnailUrl":"https:\/\/cura-explore.com\/wp-content\/uploads\/2026\/03\/WhatsApp-Image-2026-03-12-at-2.25.38-PM-683x1024.jpeg","inLanguage":"pt-BR","potentialAction":[{"@type":"CommentAction","name":"Comment","target":["https:\/\/cura-explore.com\/kia-seltos-2026-huren-op-curacao-comfort-ruimte-en-perfecte-suv-voor-jouw-vakantie\/#respond"]}]},{"@type":"WebPage","@id":"https:\/\/cura-explore.com\/kia-seltos-2026-huren-op-curacao-comfort-ruimte-en-perfecte-suv-voor-jouw-vakantie\/","url":"https:\/\/cura-explore.com\/kia-seltos-2026-huren-op-curacao-comfort-ruimte-en-perfecte-suv-voor-jouw-vakantie\/","name":"Aluguel do Kia Seltos 2026 em Cura\u00e7ao - Conforto, espa\u00e7o e o SUV perfeito para as suas f\u00e9rias - Cura Explore","isPartOf":{"@id":"https:\/\/cura-explore.com\/#website"},"primaryImageOfPage":{"@id":"https:\/\/cura-explore.com\/kia-seltos-2026-huren-op-curacao-comfort-ruimte-en-perfecte-suv-voor-jouw-vakantie\/#primaryimage"},"image":{"@id":"https:\/\/cura-explore.com\/kia-seltos-2026-huren-op-curacao-comfort-ruimte-en-perfecte-suv-voor-jouw-vakantie\/#primaryimage"},"thumbnailUrl":"https:\/\/cura-explore.com\/wp-content\/uploads\/2026\/03\/WhatsApp-Image-2026-03-12-at-2.25.38-PM-683x1024.jpeg","datePublished":"2026-03-13T15:26:51+00:00","dateModified":"2026-03-13T16:04:14+00:00","description":"O Kia Seltos 2026 \u00e9 a mais recente adi\u00e7\u00e3o \u00e0 frota da Cura Explore Car Rentals. Esse moderno SUV combina conforto, espa\u00e7o e confiabilidade, tornando-o","breadcrumb":{"@id":"https:\/\/cura-explore.com\/kia-seltos-2026-huren-op-curacao-comfort-ruimte-en-perfecte-suv-voor-jouw-vakantie\/#breadcrumb"},"inLanguage":"pt-BR","potentialAction":[{"@type":"ReadAction","target":["https:\/\/cura-explore.com\/kia-seltos-2026-huren-op-curacao-comfort-ruimte-en-perfecte-suv-voor-jouw-vakantie\/"]}]},{"@type":"ImageObject","inLanguage":"pt-BR","@id":"https:\/\/cura-explore.com\/kia-seltos-2026-huren-op-curacao-comfort-ruimte-en-perfecte-suv-voor-jouw-vakantie\/#primaryimage","url":"https:\/\/cura-explore.com\/wp-content\/uploads\/2026\/03\/WhatsApp-Image-2026-03-12-at-2.25.38-PM-683x1024.jpeg","contentUrl":"https:\/\/cura-explore.com\/wp-content\/uploads\/2026\/03\/WhatsApp-Image-2026-03-12-at-2.25.38-PM-683x1024.jpeg"},{"@type":"BreadcrumbList","@id":"https:\/\/cura-explore.com\/kia-seltos-2026-huren-op-curacao-comfort-ruimte-en-perfecte-suv-voor-jouw-vakantie\/#breadcrumb","itemListElement":[{"@type":"ListItem","position":1,"name":"Home","item":"https:\/\/cura-explore.com\/"},{"@type":"ListItem","position":2,"name":"Aluguel do Kia Seltos 2026 em Cura\u00e7ao &#8211; Conforto, espa\u00e7o e o SUV perfeito para as suas f\u00e9rias"}]},{"@type":"WebSite","@id":"https:\/\/cura-explore.com\/#website","url":"https:\/\/cura-explore.com\/","name":"Cura Explore","description":"Cura\u00e7ao Car Rental","publisher":{"@id":"https:\/\/cura-explore.com\/#organization"},"potentialAction":[{"@type":"SearchAction","target":{"@type":"EntryPoint","urlTemplate":"https:\/\/cura-explore.com\/?s={search_term_string}"},"query-input":{"@type":"PropertyValueSpecification","valueRequired":true,"valueName":"search_term_string"}}],"inLanguage":"pt-BR"},{"@type":"Organization","@id":"https:\/\/cura-explore.com\/#organization","name":"Cura Explore","url":"https:\/\/cura-explore.com\/","logo":{"@type":"ImageObject","inLanguage":"pt-BR","@id":"https:\/\/cura-explore.com\/#\/schema\/logo\/image\/","url":"https:\/\/cura-explore.com\/wp-content\/uploads\/2024\/06\/logo-transparency-file-2-2.png","contentUrl":"https:\/\/cura-explore.com\/wp-content\/uploads\/2024\/06\/logo-transparency-file-2-2.png","width":1506,"height":512,"caption":"Cura Explore"},"image":{"@id":"https:\/\/cura-explore.com\/#\/schema\/logo\/image\/"},"sameAs":["https:\/\/www.facebook.com\/profile.php?id=61557509752065","https:\/\/www.instagram.com\/cura.explore","https:\/\/www.youtube.com\/@CuraExploreCarRentals"]},{"@type":"Person","@id":"https:\/\/cura-explore.com\/#\/schema\/person\/7c4f8f44c34e4e799b97fb64328278cd","name":"admin","image":{"@type":"ImageObject","inLanguage":"pt-BR","@id":"https:\/\/secure.gravatar.com\/avatar\/71dc6ae6c0aa95a5f2d9ced9245f9449bc49bee4d55f5d08f3c2910031162fa4?s=96&d=mm&r=g","url":"https:\/\/secure.gravatar.com\/avatar\/71dc6ae6c0aa95a5f2d9ced9245f9449bc49bee4d55f5d08f3c2910031162fa4?s=96&d=mm&r=g","contentUrl":"https:\/\/secure.gravatar.com\/avatar\/71dc6ae6c0aa95a5f2d9ced9245f9449bc49bee4d55f5d08f3c2910031162fa4?s=96&d=mm&r=g","caption":"admin"},"sameAs":["https:\/\/cura-explore.com"],"url":"https:\/\/cura-explore.com\/pt-br\/author\/admin\/"}]}},"_links":{"self":[{"href":"https:\/\/cura-explore.com\/pt-br\/wp-json\/wp\/v2\/posts\/5726","targetHints":{"allow":["GET"]}}],"collection":[{"href":"https:\/\/cura-explore.com\/pt-br\/wp-json\/wp\/v2\/posts"}],"about":[{"href":"https:\/\/cura-explore.com\/pt-br\/wp-json\/wp\/v2\/types\/post"}],"author":[{"embeddable":true,"href":"https:\/\/cura-explore.com\/pt-br\/wp-json\/wp\/v2\/users\/1"}],"replies":[{"embeddable":true,"href":"https:\/\/cura-explore.com\/pt-br\/wp-json\/wp\/v2\/comments?post=5726"}],"version-history":[{"count":4,"href":"https:\/\/cura-explore.com\/pt-br\/wp-json\/wp\/v2\/posts\/5726\/revisions"}],"predecessor-version":[{"id":5738,"href":"https:\/\/cura-explore.com\/pt-br\/wp-json\/wp\/v2\/posts\/5726\/revisions\/5738"}],"wp:attachment":[{"href":"https:\/\/cura-explore.com\/pt-br\/wp-json\/wp\/v2\/media?parent=5726"}],"wp:term":[{"taxonomy":"category","embeddable":true,"href":"https:\/\/cura-explore.com\/pt-br\/wp-json\/wp\/v2\/categories?post=5726"},{"taxonomy":"post_tag","embeddable":true,"href":"https:\/\/cura-explore.com\/pt-br\/wp-json\/wp\/v2\/tags?post=5726"}],"curies":[{"name":"wp","href":"https:\/\/api.w.org\/{rel}","templated":true}]}}