{"id":1497,"date":"2025-04-25T17:31:53","date_gmt":"2025-04-25T17:31:53","guid":{"rendered":"https:\/\/cura-explore.com\/2025\/04\/25\/aluguel-de-carros-em-curacao-kia-carens\/"},"modified":"2025-04-29T16:41:54","modified_gmt":"2025-04-29T16:41:54","slug":"aluguel-de-carros-em-curacao-kia-carens","status":"publish","type":"post","link":"https:\/\/cura-explore.com\/pt-br\/aluguel-de-carros-em-curacao-kia-carens\/","title":{"rendered":"Aluguel de carros em Cura\u00e7ao: Kia Carens"},"content":{"rendered":"\t\t<div data-elementor-type=\"wp-post\" data-elementor-id=\"1497\" class=\"elementor elementor-1497 elementor-1410\" data-elementor-post-type=\"post\">\n\t\t\t\t<div class=\"elementor-element elementor-element-3d05baaa e-flex e-con-boxed e-con e-parent\" data-id=\"3d05baaa\" data-element_type=\"container\" data-e-type=\"container\">\n\t\t\t\t\t<div class=\"e-con-inner\">\n\t\t\t\t<div class=\"elementor-element elementor-element-d070b9b elementor-widget elementor-widget-text-editor\" data-id=\"d070b9b\" data-element_type=\"widget\" data-e-type=\"widget\" data-widget_type=\"text-editor.default\">\n\t\t\t\t\t\t\t\t\t<blockquote class=\"wp-block-quote\"><p class=\"has-text-align-center\">\ud83d\udcc5 <a href=\"http:\/\/www.cura-explore.com\">25-04-2025<\/a> \ud83c\udff7 <a href=\"http:\/\/www.cura-explore.com\">Kia Carens<\/a>, <a href=\"http:\/\/www.cura-explore.com\">Aluguel de carros em Cura\u00e7ao<\/a><\/p><\/blockquote><div class=\"wp-block-columns\"><a href=\"http:\/\/cura-explore.com\"><img fetchpriority=\"high\" decoding=\"async\" class=\"aligncenter wp-image-1483 size-large\" src=\"https:\/\/cura-explore.com\/wp-content\/uploads\/2025\/04\/autohurenkiacarens-1024x683.png\" alt=\"\" width=\"800\" height=\"534\" srcset=\"https:\/\/cura-explore.com\/wp-content\/uploads\/2025\/04\/autohurenkiacarens-1024x683.png 1024w, https:\/\/cura-explore.com\/wp-content\/uploads\/2025\/04\/autohurenkiacarens-300x200.png 300w, https:\/\/cura-explore.com\/wp-content\/uploads\/2025\/04\/autohurenkiacarens-768x512.png 768w, https:\/\/cura-explore.com\/wp-content\/uploads\/2025\/04\/autohurenkiacarens.png 1536w\" sizes=\"(max-width: 800px) 100vw, 800px\" \/><\/a><\/div><h2 id=\"h-nieuw-bij-cura-explore-de-2025-kia-carens-staat-voor-je-klaar\" class=\"wp-block-heading\">Aluguel de carros em Cura\u00e7ao: o Kia Carens 2025 est\u00e1 esperando por voc\u00ea<\/h2><p class=\"has-text-align-left\"><a href=\"https:\/\/www.instagram.com\/cura.explore\/\">A Cura Explore Car Rental<\/a> tem o novo Kia Carens 2025 esperando por voc\u00ea.<\/p><h2 id=\"h-comfort-en-ruimte-voor-het-hele-gezin\" class=\"wp-block-heading has-text-align-left\">Huuauto Cura\u00e7ao: conforto e espa\u00e7o para toda a fam\u00edlia<\/h2><p class=\"has-text-align-left\">Um grande ve\u00edculo para 7 pessoas com muito conforto, luxo e acabamento fant\u00e1stico. Ent\u00e3o, voc\u00ea quer dirigir pela nossa bela ilha ensolarada com luxo? Ent\u00e3o voc\u00ea pode alugar o KIA CARENS.  <\/p><p>Alugar um carro em Cura\u00e7ao \u00e9 essencial para suas f\u00e9rias. N\u00e3o apenas quando voc\u00ea for passar um dia na praia, fazer um passeio panor\u00e2mico at\u00e9 Westpunt, mas tamb\u00e9m quando for dar um passeio noturno em Pietermaai. Em outras palavras: Tudo \u00e9 poss\u00edvel com o KIA CARENS.  <\/p><p class=\"has-text-align-left\">Quando voc\u00ea v\u00ea um Kia Carens 7-sitter pela primeira vez, hesita por um momento: Ser\u00e1 que agora ele \u00e9 um MPV por causa de sua apar\u00eancia futurista ou \u00e9 um crossover por causa de suas linhas longas e elegantes?<\/p><h2 id=\"h-ruimte-voor-7-personen-en-dan-nog-bagage\" class=\"wp-block-heading has-text-align-left\">Aluguel de carros em Cura\u00e7ao: espa\u00e7o para 7 pessoas &#8211; e depois para a bagagem<\/h2><p class=\"has-text-align-left\">\u00c9 um MPV para uma vida familiar ativa ou se voc\u00ea estiver com um grupo de sete pessoas. H\u00e1 espa\u00e7o para todos. Voc\u00ea pode usar a terceira fileira de assentos com dois assentos separados. Quando voc\u00ea os dobra, tem um porta-malas espa\u00e7oso para sua bagagem.   <\/p><p>O Kia Carens n\u00e3o oferece apenas um mar de espa\u00e7o e versatilidade, mas o carro tamb\u00e9m \u00e9 caracterizado por detalhes de design bonito para onde quer que voc\u00ea olhe.<\/p><p>N\u00e3o \u00e9 s\u00f3 o motorista que merece uma viagem confort\u00e1vel e segura. O Kia Carens tamb\u00e9m leva todos em considera\u00e7\u00e3o. Isso inclui mesas dobr\u00e1veis pr\u00e1ticas para os passageiros na segunda fileira de assentos. Al\u00e9m disso, os 6 airbags oferecem seguran\u00e7a extra. E gra\u00e7as ao assento alto e \u00e0 grande \u00e1rea envidra\u00e7ada, todos t\u00eam uma vis\u00e3o fant\u00e1stica.    <\/p><p>Veja um v\u00eddeo do Kia Carens aqui:<\/p><p><iframe title=\"Reprodutor de v\u00eddeo do YouTube\" src=\"https:\/\/www.youtube.com\/embed\/prW1eDGYVyc?si=-gI0rmtFoDBya5Xi\" width=\"560\" height=\"315\" frameborder=\"0\" allowfullscreen=\"allowfullscreen\"><\/iframe> <\/p><h2 id=\"h-connected-rijden-met-carplay-android-auto-amp-tomtom\" class=\"wp-block-heading has-text-align-left\"><a href=\"https:\/\/cura-explore.com\/pt-br\/\">Aluguel de carros em Cura\u00e7ao<\/a>: dire\u00e7\u00e3o conectada com CarPlay, Android Auto e TomTom<\/h2><p class=\"has-text-align-left\">Por mais sofisticado que seja o sistema de \u00e1udio, ele \u00e9 f\u00e1cil de operar. Voc\u00ea pode conectar qualquer fonte de som por meio da entrada USB ou AUX e, em seguida, operar a tela sens\u00edvel ao toque com a ponta dos dedos. O Carens est\u00e1 dispon\u00edvel com o Kia Connected Services. Em parceria com a TomTom, ele oferece atualiza\u00e7\u00f5es de tr\u00e2nsito ao vivo, alertas de radares de velocidade, locais de interesse e atualiza\u00e7\u00f5es meteorol\u00f3gicas, entre outras coisas. Outros novos recursos \u00fateis incluem: Apple CarPlay e Android Auto, para facilitar a conectividade.    <\/p><p>Ao conectar seu iPhone ou telefone Android ao CarPlay, voc\u00ea pode obter dire\u00e7\u00f5es, fazer chamadas telef\u00f4nicas, enviar e receber mensagens e ouvir m\u00fasica, entre outras coisas. No iOS 13 e vers\u00f5es mais recentes, o painel do CarPlay oferece uma vis\u00e3o mais simples da estrada. <\/p><p>Todos os nossos carros de aluguel v\u00eam com transmiss\u00e3o autom\u00e1tica, ar condicionado e quilometragem ilimitada.<\/p><h3 id=\"h-reserveer-nu-gemakkelijk-online\" class=\"wp-block-heading has-text-align-left\">Reserve facilmente on-line agora<\/h3><p class=\"has-text-align-left\">\u00c9 f\u00e1cil reservar o carro em: <a href=\"http:\/\/www.cura-explore.com\">www.cura-explore.com<\/a><\/p><p><a href=\"https:\/\/www.google.com\/search?sca_esv=f6861048bb8aaca5&amp;rlz=1C1GIVA_enCW900CW900&amp;tbm=lcl&amp;q=Cura+Explore+Reviews&amp;rflfq=1&amp;num=20&amp;stick=H4sIAAAAAAAAAONgkxI2NjWzNDAyszA2MDc3NTO0MDWy2MDI-IpRxLm0KFHBtaIgJ78oVSEotSwztbx4EStWYQBMz4jSSAAAAA&amp;rldimm=3569026830775618528&amp;hl=en-NL&amp;sa=X&amp;ved=2ahUKEwiD4MSez_2MAxXfRjABHY8sF20Q9fQKegQIRBAF&amp;biw=1680&amp;bih=889&amp;dpr=1#lkt=LocalPoiReviews\">Confira o que as pessoas est\u00e3o dizendo sobre n\u00f3s aqui, nossas avalia\u00e7\u00f5es.<\/a><\/p><p><a href=\"http:\/\/cura-explore.com\"><img decoding=\"async\" class=\"aligncenter size-full wp-image-1487\" src=\"https:\/\/cura-explore.com\/wp-content\/uploads\/2025\/04\/autohurencuracaokiacarens2.png\" alt=\"\" width=\"768\" height=\"512\" srcset=\"https:\/\/cura-explore.com\/wp-content\/uploads\/2025\/04\/autohurencuracaokiacarens2.png 768w, https:\/\/cura-explore.com\/wp-content\/uploads\/2025\/04\/autohurencuracaokiacarens2-300x200.png 300w\" sizes=\"(max-width: 768px) 100vw, 768px\" \/><\/a><\/p>\t\t\t\t\t\t\t\t<\/div>\n\t\t\t\t\t<\/div>\n\t\t\t\t<\/div>\n\t\t\t\t<\/div>\n\t\t","protected":false},"excerpt":{"rendered":"<p>\ud83d\udcc5 25-04-2025 \ud83c\udff7 Kia Carens, Aluguel de carros em Cura\u00e7ao Aluguel de carros em Cura\u00e7ao: o Kia Carens 2025 est\u00e1 esperando por voc\u00ea A Cura Explore Car Rental tem o novo Kia Carens 2025 esperando por voc\u00ea. Huuauto Cura\u00e7ao: conforto e espa\u00e7o para toda a fam\u00edlia Um grande ve\u00edculo para 7 pessoas com muito conforto, [&hellip;]<\/p>\n","protected":false},"author":1,"featured_media":0,"comment_status":"closed","ping_status":"open","sticky":false,"template":"","format":"standard","meta":{"footnotes":""},"categories":[19],"tags":[],"class_list":["post-1497","post","type-post","status-publish","format-standard","hentry","category-sem-categoria"],"yoast_head":"<!-- This site is optimized with the Yoast SEO Premium plugin v27.5 (Yoast SEO v27.5) - https:\/\/yoast.com\/product\/yoast-seo-premium-wordpress\/ -->\n<title>Aluguel de carros em Cura\u00e7ao: Kia Carens - Cura Explore<\/title>\n<meta name=\"description\" content=\"\ud83d\udcc5 25-04-2025 \ud83c\udff7 Kia Carens, Aluguel de carros em Cura\u00e7aoAluguel de carros em Cura\u00e7ao: o Kia Carens 2025 est\u00e1 esperando por voc\u00eaA Cura Explore Car Rental\" \/>\n<meta name=\"robots\" content=\"index, follow, max-snippet:-1, max-image-preview:large, max-video-preview:-1\" \/>\n<link rel=\"canonical\" href=\"https:\/\/cura-explore.com\/pt-br\/aluguel-de-carros-em-curacao-kia-carens\/\" \/>\n<meta property=\"og:locale\" content=\"pt_BR\" \/>\n<meta property=\"og:type\" content=\"article\" \/>\n<meta property=\"og:title\" content=\"Aluguel de carros em Cura\u00e7ao: Kia Carens\" \/>\n<meta property=\"og:description\" content=\"\ud83d\udcc5 25-04-2025 \ud83c\udff7 Kia Carens, Aluguel de carros em Cura\u00e7aoAluguel de carros em Cura\u00e7ao: o Kia Carens 2025 est\u00e1 esperando por voc\u00eaA Cura Explore Car Rental\" \/>\n<meta property=\"og:url\" content=\"https:\/\/cura-explore.com\/pt-br\/aluguel-de-carros-em-curacao-kia-carens\/\" \/>\n<meta property=\"og:site_name\" content=\"Cura Explore\" \/>\n<meta property=\"article:publisher\" content=\"https:\/\/www.facebook.com\/profile.php?id=61557509752065\" \/>\n<meta property=\"article:published_time\" content=\"2025-04-25T17:31:53+00:00\" \/>\n<meta property=\"article:modified_time\" content=\"2025-04-29T16:41:54+00:00\" \/>\n<meta property=\"og:image\" content=\"https:\/\/cura-explore.com\/wp-content\/uploads\/2025\/04\/autohurenkiacarens-1024x683.png\" \/>\n<meta name=\"author\" content=\"admin\" \/>\n<meta name=\"twitter:card\" content=\"summary_large_image\" \/>\n<meta name=\"twitter:label1\" content=\"Escrito por\" \/>\n\t<meta name=\"twitter:data1\" content=\"admin\" \/>\n\t<meta name=\"twitter:label2\" content=\"Est. tempo de leitura\" \/>\n\t<meta name=\"twitter:data2\" content=\"3 minutos\" \/>\n<script type=\"application\/ld+json\" class=\"yoast-schema-graph\">{\"@context\":\"https:\\\/\\\/schema.org\",\"@graph\":[{\"@type\":\"Article\",\"@id\":\"https:\\\/\\\/cura-explore.com\\\/pt-br\\\/aluguel-de-carros-em-curacao-kia-carens\\\/#article\",\"isPartOf\":{\"@id\":\"https:\\\/\\\/cura-explore.com\\\/pt-br\\\/aluguel-de-carros-em-curacao-kia-carens\\\/\"},\"author\":{\"name\":\"admin\",\"@id\":\"https:\\\/\\\/cura-explore.com\\\/pt-br\\\/#\\\/schema\\\/person\\\/44511b97269b386e33ade9d1d0afa5f4\"},\"headline\":\"Aluguel de carros em Cura\u00e7ao: Kia Carens\",\"datePublished\":\"2025-04-25T17:31:53+00:00\",\"dateModified\":\"2025-04-29T16:41:54+00:00\",\"mainEntityOfPage\":{\"@id\":\"https:\\\/\\\/cura-explore.com\\\/pt-br\\\/aluguel-de-carros-em-curacao-kia-carens\\\/\"},\"wordCount\":551,\"publisher\":{\"@id\":\"https:\\\/\\\/cura-explore.com\\\/pt-br\\\/#organization\"},\"image\":{\"@id\":\"https:\\\/\\\/cura-explore.com\\\/pt-br\\\/aluguel-de-carros-em-curacao-kia-carens\\\/#primaryimage\"},\"thumbnailUrl\":\"https:\\\/\\\/cura-explore.com\\\/wp-content\\\/uploads\\\/2025\\\/04\\\/autohurenkiacarens-1024x683.png\",\"inLanguage\":\"pt-BR\"},{\"@type\":\"WebPage\",\"@id\":\"https:\\\/\\\/cura-explore.com\\\/pt-br\\\/aluguel-de-carros-em-curacao-kia-carens\\\/\",\"url\":\"https:\\\/\\\/cura-explore.com\\\/pt-br\\\/aluguel-de-carros-em-curacao-kia-carens\\\/\",\"name\":\"Aluguel de carros em Cura\u00e7ao: Kia Carens - Cura Explore\",\"isPartOf\":{\"@id\":\"https:\\\/\\\/cura-explore.com\\\/pt-br\\\/#website\"},\"primaryImageOfPage\":{\"@id\":\"https:\\\/\\\/cura-explore.com\\\/pt-br\\\/aluguel-de-carros-em-curacao-kia-carens\\\/#primaryimage\"},\"image\":{\"@id\":\"https:\\\/\\\/cura-explore.com\\\/pt-br\\\/aluguel-de-carros-em-curacao-kia-carens\\\/#primaryimage\"},\"thumbnailUrl\":\"https:\\\/\\\/cura-explore.com\\\/wp-content\\\/uploads\\\/2025\\\/04\\\/autohurenkiacarens-1024x683.png\",\"datePublished\":\"2025-04-25T17:31:53+00:00\",\"dateModified\":\"2025-04-29T16:41:54+00:00\",\"description\":\"\ud83d\udcc5 25-04-2025 \ud83c\udff7 Kia Carens, Aluguel de carros em Cura\u00e7aoAluguel de carros em Cura\u00e7ao: o Kia Carens 2025 est\u00e1 esperando por voc\u00eaA Cura Explore Car Rental\",\"breadcrumb\":{\"@id\":\"https:\\\/\\\/cura-explore.com\\\/pt-br\\\/aluguel-de-carros-em-curacao-kia-carens\\\/#breadcrumb\"},\"inLanguage\":\"pt-BR\",\"potentialAction\":[{\"@type\":\"ReadAction\",\"target\":[\"https:\\\/\\\/cura-explore.com\\\/pt-br\\\/aluguel-de-carros-em-curacao-kia-carens\\\/\"]}]},{\"@type\":\"ImageObject\",\"inLanguage\":\"pt-BR\",\"@id\":\"https:\\\/\\\/cura-explore.com\\\/pt-br\\\/aluguel-de-carros-em-curacao-kia-carens\\\/#primaryimage\",\"url\":\"https:\\\/\\\/cura-explore.com\\\/wp-content\\\/uploads\\\/2025\\\/04\\\/autohurenkiacarens-1024x683.png\",\"contentUrl\":\"https:\\\/\\\/cura-explore.com\\\/wp-content\\\/uploads\\\/2025\\\/04\\\/autohurenkiacarens-1024x683.png\"},{\"@type\":\"BreadcrumbList\",\"@id\":\"https:\\\/\\\/cura-explore.com\\\/pt-br\\\/aluguel-de-carros-em-curacao-kia-carens\\\/#breadcrumb\",\"itemListElement\":[{\"@type\":\"ListItem\",\"position\":1,\"name\":\"Home\",\"item\":\"https:\\\/\\\/cura-explore.com\\\/pt-br\\\/\"},{\"@type\":\"ListItem\",\"position\":2,\"name\":\"Aluguel de carros em Cura\u00e7ao: Kia Carens\"}]},{\"@type\":\"WebSite\",\"@id\":\"https:\\\/\\\/cura-explore.com\\\/pt-br\\\/#website\",\"url\":\"https:\\\/\\\/cura-explore.com\\\/pt-br\\\/\",\"name\":\"Cura Explore\",\"description\":\"Cura\u00e7ao Car Rental\",\"publisher\":{\"@id\":\"https:\\\/\\\/cura-explore.com\\\/pt-br\\\/#organization\"},\"potentialAction\":[{\"@type\":\"SearchAction\",\"target\":{\"@type\":\"EntryPoint\",\"urlTemplate\":\"https:\\\/\\\/cura-explore.com\\\/pt-br\\\/?s={search_term_string}\"},\"query-input\":{\"@type\":\"PropertyValueSpecification\",\"valueRequired\":true,\"valueName\":\"search_term_string\"}}],\"inLanguage\":\"pt-BR\"},{\"@type\":\"Organization\",\"@id\":\"https:\\\/\\\/cura-explore.com\\\/pt-br\\\/#organization\",\"name\":\"Cura Explore\",\"url\":\"https:\\\/\\\/cura-explore.com\\\/pt-br\\\/\",\"logo\":{\"@type\":\"ImageObject\",\"inLanguage\":\"pt-BR\",\"@id\":\"https:\\\/\\\/cura-explore.com\\\/pt-br\\\/#\\\/schema\\\/logo\\\/image\\\/\",\"url\":\"https:\\\/\\\/cura-explore.com\\\/wp-content\\\/uploads\\\/2024\\\/06\\\/logo-transparency-file-2-2.png\",\"contentUrl\":\"https:\\\/\\\/cura-explore.com\\\/wp-content\\\/uploads\\\/2024\\\/06\\\/logo-transparency-file-2-2.png\",\"width\":1506,\"height\":512,\"caption\":\"Cura Explore\"},\"image\":{\"@id\":\"https:\\\/\\\/cura-explore.com\\\/pt-br\\\/#\\\/schema\\\/logo\\\/image\\\/\"},\"sameAs\":[\"https:\\\/\\\/www.facebook.com\\\/profile.php?id=61557509752065\",\"https:\\\/\\\/www.instagram.com\\\/cura.explore\",\"https:\\\/\\\/www.youtube.com\\\/@CuraExploreCarRentals\"],\"description\":\"Cura Explore Car Rentals B.V. is een jong dynamisch bedrijf, gericht op persoonlijk contact, hoogwaardige service, nieuwe autos en ultieme efficientie. Wanneer u op vakantie bent dan gaat het om gemak. U wilt niet uren op zoek zijn naar die ene betaalbare maar goede huurauto om vervolgens allerlei moeilijke formulieren te moeten invullen of kleine lettertjes te moeten lezen. U heeft geen zin om op het vliegveld een uur te wachten voordat u eindelijk uw huurauto krijgt. U wilt ook zeker niet voor verrassingen komen te staan en plotseling meer moeten betalen dan is afgesproken. U wilt geen buitenlandse nummers hoeven bellen om terecht te komen in allelei keuzemenu\u2019s. U wilt weten waar u aan toe bent! Gewoon een perfecte auto voor een perfecte prijs met duidelijke afspraken en fijne persoonlijk service. En dat is precies waar Cura Explore voor staat! Cura Explore: Uitsluitend nieuwe autos van hoge kwaliteit; het laatste wat u op vakantie wilt is een auto met mankementen. Persoonlijke service voorop; onze Whatsapp is de hele dag voor u beschikbaar. Wij kunnen via Whatsapp voor u een boeking maken, vragen beantwoorden, ondersteuning bieden bij problemen en meer. Brengt de auto waar u deze nodig heeft; wij zitten 1km van het vliegveld. Wanneer u uw auto op het vliegveld wilt ontvangen halen wij je op, rijden naar onze locatie, doen het papierwerk en kunt u uw weg vervolgen. Wilt u liever de auto bij uw hotel\\\/verblijf ontvangen? Geen probleem, wij komen naar u toe. Altijd inclusief 24\\\/7 pechhulp; Mocht u pech ondervinden komt er iemand naar u toe om te helpen. Kan de auto niet verder? Dan wordt u thuisgebracht en zorgen wij voor een vervangende auto. Altijd inclusief verzekering; Bij iedere reservering zit een verplichte basisverzekering met de optie van het afkopen van het eigen risico. Veilig betalen met uw bankpas of credit card: Wij hebben bij iedere levering een mobiele betaalautomaat bij ons. Cash is niet nodig. Niet voor niets scoort Cura Explore 5 uit 5 op de b\",\"email\":\"info@cura-explore.com\",\"telephone\":\"+59995204140\",\"legalName\":\"FD Rooseveltweg 348, Willemstad, Curacao\",\"foundingDate\":\"2024-06-01\"},{\"@type\":\"Person\",\"@id\":\"https:\\\/\\\/cura-explore.com\\\/pt-br\\\/#\\\/schema\\\/person\\\/44511b97269b386e33ade9d1d0afa5f4\",\"name\":\"admin\",\"image\":{\"@type\":\"ImageObject\",\"inLanguage\":\"pt-BR\",\"@id\":\"https:\\\/\\\/secure.gravatar.com\\\/avatar\\\/71dc6ae6c0aa95a5f2d9ced9245f9449bc49bee4d55f5d08f3c2910031162fa4?s=96&d=mm&r=g\",\"url\":\"https:\\\/\\\/secure.gravatar.com\\\/avatar\\\/71dc6ae6c0aa95a5f2d9ced9245f9449bc49bee4d55f5d08f3c2910031162fa4?s=96&d=mm&r=g\",\"contentUrl\":\"https:\\\/\\\/secure.gravatar.com\\\/avatar\\\/71dc6ae6c0aa95a5f2d9ced9245f9449bc49bee4d55f5d08f3c2910031162fa4?s=96&d=mm&r=g\",\"caption\":\"admin\"},\"sameAs\":[\"https:\\\/\\\/cura-explore.com\"],\"url\":\"https:\\\/\\\/cura-explore.com\\\/pt-br\\\/author\\\/admin\\\/\"}]}<\/script>\n<!-- \/ Yoast SEO Premium plugin. -->","yoast_head_json":{"title":"Aluguel de carros em Cura\u00e7ao: Kia Carens - Cura Explore","description":"\ud83d\udcc5 25-04-2025 \ud83c\udff7 Kia Carens, Aluguel de carros em Cura\u00e7aoAluguel de carros em Cura\u00e7ao: o Kia Carens 2025 est\u00e1 esperando por voc\u00eaA Cura Explore Car Rental","robots":{"index":"index","follow":"follow","max-snippet":"max-snippet:-1","max-image-preview":"max-image-preview:large","max-video-preview":"max-video-preview:-1"},"canonical":"https:\/\/cura-explore.com\/pt-br\/aluguel-de-carros-em-curacao-kia-carens\/","og_locale":"pt_BR","og_type":"article","og_title":"Aluguel de carros em Cura\u00e7ao: Kia Carens","og_description":"\ud83d\udcc5 25-04-2025 \ud83c\udff7 Kia Carens, Aluguel de carros em Cura\u00e7aoAluguel de carros em Cura\u00e7ao: o Kia Carens 2025 est\u00e1 esperando por voc\u00eaA Cura Explore Car Rental","og_url":"https:\/\/cura-explore.com\/pt-br\/aluguel-de-carros-em-curacao-kia-carens\/","og_site_name":"Cura Explore","article_publisher":"https:\/\/www.facebook.com\/profile.php?id=61557509752065","article_published_time":"2025-04-25T17:31:53+00:00","article_modified_time":"2025-04-29T16:41:54+00:00","og_image":[{"url":"https:\/\/cura-explore.com\/wp-content\/uploads\/2025\/04\/autohurenkiacarens-1024x683.png","type":"","width":"","height":""}],"author":"admin","twitter_card":"summary_large_image","twitter_misc":{"Escrito por":"admin","Est. tempo de leitura":"3 minutos"},"schema":{"@context":"https:\/\/schema.org","@graph":[{"@type":"Article","@id":"https:\/\/cura-explore.com\/pt-br\/aluguel-de-carros-em-curacao-kia-carens\/#article","isPartOf":{"@id":"https:\/\/cura-explore.com\/pt-br\/aluguel-de-carros-em-curacao-kia-carens\/"},"author":{"name":"admin","@id":"https:\/\/cura-explore.com\/pt-br\/#\/schema\/person\/44511b97269b386e33ade9d1d0afa5f4"},"headline":"Aluguel de carros em Cura\u00e7ao: Kia Carens","datePublished":"2025-04-25T17:31:53+00:00","dateModified":"2025-04-29T16:41:54+00:00","mainEntityOfPage":{"@id":"https:\/\/cura-explore.com\/pt-br\/aluguel-de-carros-em-curacao-kia-carens\/"},"wordCount":551,"publisher":{"@id":"https:\/\/cura-explore.com\/pt-br\/#organization"},"image":{"@id":"https:\/\/cura-explore.com\/pt-br\/aluguel-de-carros-em-curacao-kia-carens\/#primaryimage"},"thumbnailUrl":"https:\/\/cura-explore.com\/wp-content\/uploads\/2025\/04\/autohurenkiacarens-1024x683.png","inLanguage":"pt-BR"},{"@type":"WebPage","@id":"https:\/\/cura-explore.com\/pt-br\/aluguel-de-carros-em-curacao-kia-carens\/","url":"https:\/\/cura-explore.com\/pt-br\/aluguel-de-carros-em-curacao-kia-carens\/","name":"Aluguel de carros em Cura\u00e7ao: Kia Carens - Cura Explore","isPartOf":{"@id":"https:\/\/cura-explore.com\/pt-br\/#website"},"primaryImageOfPage":{"@id":"https:\/\/cura-explore.com\/pt-br\/aluguel-de-carros-em-curacao-kia-carens\/#primaryimage"},"image":{"@id":"https:\/\/cura-explore.com\/pt-br\/aluguel-de-carros-em-curacao-kia-carens\/#primaryimage"},"thumbnailUrl":"https:\/\/cura-explore.com\/wp-content\/uploads\/2025\/04\/autohurenkiacarens-1024x683.png","datePublished":"2025-04-25T17:31:53+00:00","dateModified":"2025-04-29T16:41:54+00:00","description":"\ud83d\udcc5 25-04-2025 \ud83c\udff7 Kia Carens, Aluguel de carros em Cura\u00e7aoAluguel de carros em Cura\u00e7ao: o Kia Carens 2025 est\u00e1 esperando por voc\u00eaA Cura Explore Car Rental","breadcrumb":{"@id":"https:\/\/cura-explore.com\/pt-br\/aluguel-de-carros-em-curacao-kia-carens\/#breadcrumb"},"inLanguage":"pt-BR","potentialAction":[{"@type":"ReadAction","target":["https:\/\/cura-explore.com\/pt-br\/aluguel-de-carros-em-curacao-kia-carens\/"]}]},{"@type":"ImageObject","inLanguage":"pt-BR","@id":"https:\/\/cura-explore.com\/pt-br\/aluguel-de-carros-em-curacao-kia-carens\/#primaryimage","url":"https:\/\/cura-explore.com\/wp-content\/uploads\/2025\/04\/autohurenkiacarens-1024x683.png","contentUrl":"https:\/\/cura-explore.com\/wp-content\/uploads\/2025\/04\/autohurenkiacarens-1024x683.png"},{"@type":"BreadcrumbList","@id":"https:\/\/cura-explore.com\/pt-br\/aluguel-de-carros-em-curacao-kia-carens\/#breadcrumb","itemListElement":[{"@type":"ListItem","position":1,"name":"Home","item":"https:\/\/cura-explore.com\/pt-br\/"},{"@type":"ListItem","position":2,"name":"Aluguel de carros em Cura\u00e7ao: Kia Carens"}]},{"@type":"WebSite","@id":"https:\/\/cura-explore.com\/pt-br\/#website","url":"https:\/\/cura-explore.com\/pt-br\/","name":"Cura Explore","description":"Cura\u00e7ao Car Rental","publisher":{"@id":"https:\/\/cura-explore.com\/pt-br\/#organization"},"potentialAction":[{"@type":"SearchAction","target":{"@type":"EntryPoint","urlTemplate":"https:\/\/cura-explore.com\/pt-br\/?s={search_term_string}"},"query-input":{"@type":"PropertyValueSpecification","valueRequired":true,"valueName":"search_term_string"}}],"inLanguage":"pt-BR"},{"@type":"Organization","@id":"https:\/\/cura-explore.com\/pt-br\/#organization","name":"Cura Explore","url":"https:\/\/cura-explore.com\/pt-br\/","logo":{"@type":"ImageObject","inLanguage":"pt-BR","@id":"https:\/\/cura-explore.com\/pt-br\/#\/schema\/logo\/image\/","url":"https:\/\/cura-explore.com\/wp-content\/uploads\/2024\/06\/logo-transparency-file-2-2.png","contentUrl":"https:\/\/cura-explore.com\/wp-content\/uploads\/2024\/06\/logo-transparency-file-2-2.png","width":1506,"height":512,"caption":"Cura Explore"},"image":{"@id":"https:\/\/cura-explore.com\/pt-br\/#\/schema\/logo\/image\/"},"sameAs":["https:\/\/www.facebook.com\/profile.php?id=61557509752065","https:\/\/www.instagram.com\/cura.explore","https:\/\/www.youtube.com\/@CuraExploreCarRentals"],"description":"Cura Explore Car Rentals B.V. is een jong dynamisch bedrijf, gericht op persoonlijk contact, hoogwaardige service, nieuwe autos en ultieme efficientie. Wanneer u op vakantie bent dan gaat het om gemak. U wilt niet uren op zoek zijn naar die ene betaalbare maar goede huurauto om vervolgens allerlei moeilijke formulieren te moeten invullen of kleine lettertjes te moeten lezen. U heeft geen zin om op het vliegveld een uur te wachten voordat u eindelijk uw huurauto krijgt. U wilt ook zeker niet voor verrassingen komen te staan en plotseling meer moeten betalen dan is afgesproken. U wilt geen buitenlandse nummers hoeven bellen om terecht te komen in allelei keuzemenu\u2019s. U wilt weten waar u aan toe bent! Gewoon een perfecte auto voor een perfecte prijs met duidelijke afspraken en fijne persoonlijk service. En dat is precies waar Cura Explore voor staat! Cura Explore: Uitsluitend nieuwe autos van hoge kwaliteit; het laatste wat u op vakantie wilt is een auto met mankementen. Persoonlijke service voorop; onze Whatsapp is de hele dag voor u beschikbaar. Wij kunnen via Whatsapp voor u een boeking maken, vragen beantwoorden, ondersteuning bieden bij problemen en meer. Brengt de auto waar u deze nodig heeft; wij zitten 1km van het vliegveld. Wanneer u uw auto op het vliegveld wilt ontvangen halen wij je op, rijden naar onze locatie, doen het papierwerk en kunt u uw weg vervolgen. Wilt u liever de auto bij uw hotel\/verblijf ontvangen? Geen probleem, wij komen naar u toe. Altijd inclusief 24\/7 pechhulp; Mocht u pech ondervinden komt er iemand naar u toe om te helpen. Kan de auto niet verder? Dan wordt u thuisgebracht en zorgen wij voor een vervangende auto. Altijd inclusief verzekering; Bij iedere reservering zit een verplichte basisverzekering met de optie van het afkopen van het eigen risico. Veilig betalen met uw bankpas of credit card: Wij hebben bij iedere levering een mobiele betaalautomaat bij ons. Cash is niet nodig. Niet voor niets scoort Cura Explore 5 uit 5 op de b","email":"info@cura-explore.com","telephone":"+59995204140","legalName":"FD Rooseveltweg 348, Willemstad, Curacao","foundingDate":"2024-06-01"},{"@type":"Person","@id":"https:\/\/cura-explore.com\/pt-br\/#\/schema\/person\/44511b97269b386e33ade9d1d0afa5f4","name":"admin","image":{"@type":"ImageObject","inLanguage":"pt-BR","@id":"https:\/\/secure.gravatar.com\/avatar\/71dc6ae6c0aa95a5f2d9ced9245f9449bc49bee4d55f5d08f3c2910031162fa4?s=96&d=mm&r=g","url":"https:\/\/secure.gravatar.com\/avatar\/71dc6ae6c0aa95a5f2d9ced9245f9449bc49bee4d55f5d08f3c2910031162fa4?s=96&d=mm&r=g","contentUrl":"https:\/\/secure.gravatar.com\/avatar\/71dc6ae6c0aa95a5f2d9ced9245f9449bc49bee4d55f5d08f3c2910031162fa4?s=96&d=mm&r=g","caption":"admin"},"sameAs":["https:\/\/cura-explore.com"],"url":"https:\/\/cura-explore.com\/pt-br\/author\/admin\/"}]}},"_links":{"self":[{"href":"https:\/\/cura-explore.com\/pt-br\/wp-json\/wp\/v2\/posts\/1497","targetHints":{"allow":["GET"]}}],"collection":[{"href":"https:\/\/cura-explore.com\/pt-br\/wp-json\/wp\/v2\/posts"}],"about":[{"href":"https:\/\/cura-explore.com\/pt-br\/wp-json\/wp\/v2\/types\/post"}],"author":[{"embeddable":true,"href":"https:\/\/cura-explore.com\/pt-br\/wp-json\/wp\/v2\/users\/1"}],"replies":[{"embeddable":true,"href":"https:\/\/cura-explore.com\/pt-br\/wp-json\/wp\/v2\/comments?post=1497"}],"version-history":[{"count":1,"href":"https:\/\/cura-explore.com\/pt-br\/wp-json\/wp\/v2\/posts\/1497\/revisions"}],"predecessor-version":[{"id":1498,"href":"https:\/\/cura-explore.com\/pt-br\/wp-json\/wp\/v2\/posts\/1497\/revisions\/1498"}],"wp:attachment":[{"href":"https:\/\/cura-explore.com\/pt-br\/wp-json\/wp\/v2\/media?parent=1497"}],"wp:term":[{"taxonomy":"category","embeddable":true,"href":"https:\/\/cura-explore.com\/pt-br\/wp-json\/wp\/v2\/categories?post=1497"},{"taxonomy":"post_tag","embeddable":true,"href":"https:\/\/cura-explore.com\/pt-br\/wp-json\/wp\/v2\/tags?post=1497"}],"curies":[{"name":"wp","href":"https:\/\/api.w.org\/{rel}","templated":true}]}}