{"id":5728,"date":"2026-03-13T15:26:51","date_gmt":"2026-03-13T15:26:51","guid":{"rendered":"https:\/\/cura-explore.com\/alquiler-de-kia-seltos-2026-en-curacao-confort-espacio-y-un-suv-perfecto-para-tus-vacaciones\/"},"modified":"2026-03-13T15:54:47","modified_gmt":"2026-03-13T15:54:47","slug":"alquiler-de-kia-seltos-2026-en-curacao-confort-espacio-y-un-suv-perfecto-para-tus-vacaciones","status":"publish","type":"post","link":"https:\/\/cura-explore.com\/es\/alquiler-de-kia-seltos-2026-en-curacao-confort-espacio-y-un-suv-perfecto-para-tus-vacaciones\/","title":{"rendered":"Alquiler de Kia Seltos 2026 en Cura\u00e7ao &#8211; Confort, espacio y un SUV perfecto para tus vacaciones"},"content":{"rendered":"\t\t<div data-elementor-type=\"wp-post\" data-elementor-id=\"5728\" class=\"elementor elementor-5728 elementor-5694\" data-elementor-post-type=\"post\">\n\t\t\t\t<div class=\"elementor-element elementor-element-7bd03a19 e-flex e-con-boxed e-con e-parent\" data-id=\"7bd03a19\" data-element_type=\"container\" data-e-type=\"container\">\n\t\t\t\t\t<div class=\"e-con-inner\">\n\t\t\t\t<div class=\"elementor-element elementor-element-12edb8f5 elementor-widget elementor-widget-text-editor\" data-id=\"12edb8f5\" data-element_type=\"widget\" data-e-type=\"widget\" data-widget_type=\"text-editor.default\">\n\t\t\t\t\t\t\t\t\t<p>El <strong>Kia Seltos 2026<\/strong> es la \u00faltima incorporaci\u00f3n a la flota de <a href=\"https:\/\/cura-explore.com\/es\/\" target=\"_blank\" rel=\"noopener\"><strong>Cura Explora Alquiler de Coches<\/strong><\/a>. Este moderno todoterreno combina comodidad, espacio y fiabilidad, por lo que es perfecto para los turistas que quieren explorar Cura\u00e7ao de forma relajada. Tanto si vas a las playas de Westpunt, como si quieres explorar Willemstad o planear una excursi\u00f3n de un d\u00eda a Jan Thiel, el Kia Seltos siempre te har\u00e1 viajar con comodidad y seguridad.  <\/p><h2 id=\"h-waarom-de-kia-seltos-perfect-is-voor-curacao\" class=\"wp-block-heading\"><strong>Por qu\u00e9 el Kia Seltos es perfecto para Cura\u00e7ao<\/strong><\/h2><p id=\"h-waarom-de-kia-seltos-perfect-is-voor-curacao\">Cura\u00e7ao es m\u00e1s grande de lo que mucha gente espera. Las playas m\u00e1s hermosas est\u00e1n repartidas por toda la isla y a muchos de estos lugares se llega m\u00e1s f\u00e1cilmente en coche. El <strong>Kia Seltos 2026<\/strong> es, por tanto, una opci\u00f3n ideal para los viajeros que quieran combinar libertad y comodidad.  <\/p><p>El coche ofrece una <strong>posici\u00f3n de asiento m\u00e1s elevada<\/strong>, que proporciona una mejor visi\u00f3n de la carretera. Esto es especialmente agradable cuando exploras la isla o conduces por carreteras fuera de la ciudad. <\/p><p id=\"h-waarom-de-kia-seltos-perfect-is-voor-curacao\">Adem\u00e1s, el Seltos tiene un <strong>interior espacioso<\/strong>, por lo que es ideal para familias, parejas o grupos de amigos con equipaje.<\/p><h2 id=\"h-perfect-voor-eilandavonturen\" class=\"wp-block-heading\"><strong>Perfecto para aventuras en la isla<\/strong><\/h2><p id=\"h-perfect-voor-eilandavonturen\">Con un Kia Seltos, podr\u00e1s visitar f\u00e1cilmente todos los puntos destacados de Cura\u00e7ao, como:<\/p><ul class=\"wp-block-list\"><li><strong>Playa de Jan Thiel<\/strong> &#8211; un lugar popular con clubes de playa y restaurantes<\/li><li><strong>Mambo Beach Boulevard<\/strong> &#8211; perfecto para ir de compras y comer fuera<\/li><li><strong>Willemstad<\/strong> &#8211; la colorida capital con el famoso puente de pontones<\/li><li><strong>Westpunt<\/strong> &#8211; donde encontrar\u00e1s las playas m\u00e1s bonitas de la isla, como Grote Knip y Playa Kalki<\/li><li><strong>Parque Christoffel<\/strong> &#8211; para los amantes de la naturaleza y la aventura<\/li><\/ul><p id=\"h-perfect-voor-eilandavonturen\">Gracias a la c\u00f3moda suspensi\u00f3n y al potente motor, conducir\u00e1s sin esfuerzo por toda la isla.<\/p><p><a href=\"https:\/\/www.instagram.com\/cura.explore\/\" target=\"_blank\" rel=\"noopener\"><img fetchpriority=\"high\" decoding=\"async\" class=\"aligncenter wp-image-5695 size-large\" src=\"https:\/\/cura-explore.com\/wp-content\/uploads\/2026\/03\/WhatsApp-Image-2026-03-12-at-2.25.38-PM-683x1024.jpeg\" alt=\"alquiler de coches curacao SUV\" width=\"683\" height=\"1024\" srcset=\"https:\/\/cura-explore.com\/wp-content\/uploads\/2026\/03\/WhatsApp-Image-2026-03-12-at-2.25.38-PM-683x1024.jpeg 683w, https:\/\/cura-explore.com\/wp-content\/uploads\/2026\/03\/WhatsApp-Image-2026-03-12-at-2.25.38-PM-200x300.jpeg 200w, https:\/\/cura-explore.com\/wp-content\/uploads\/2026\/03\/WhatsApp-Image-2026-03-12-at-2.25.38-PM-768x1152.jpeg 768w, https:\/\/cura-explore.com\/wp-content\/uploads\/2026\/03\/WhatsApp-Image-2026-03-12-at-2.25.38-PM.jpeg 1024w\" sizes=\"(max-width: 683px) 100vw, 683px\" \/><\/a><\/p><h2 id=\"h-ruimte-en-comfort-voor-je-vakantie\" class=\"wp-block-heading\"><strong>Espacio y comodidad para tus vacaciones<\/strong><\/h2><p>Los turistas suelen elegir un SUV porque ofrece <strong>m\u00e1s espacio y comodidad<\/strong> que un coche peque\u00f1o. El Kia Seltos lo tiene: <\/p><ul class=\"wp-block-list\"><li>Espacio para <strong>5 personas<\/strong><strong><br><\/strong><\/li><li>Un <strong>maletero espacioso para maletas y equipo de playa<\/strong><strong><br><\/strong><\/li><li><strong>Aire acondicionado<\/strong> para el c\u00e1lido clima caribe\u00f1o<\/li><li>Tecnolog\u00eda moderna y sistemas de seguridad<\/li><li>Asientos c\u00f3modos para viajes m\u00e1s largos por la isla<\/li><\/ul><p>Esto hace que los Seltos sean ideales tanto para viajes cortos a la playa como para excursiones m\u00e1s largas por la isla.<\/p><h2 id=\"h-auto-huren-op-curacao-luchthaven\" class=\"wp-block-heading\"><strong>Alquilar un coche en el aeropuerto de Cura\u00e7ao<\/strong><\/h2><p>Muchos viajeros optan por recoger su coche de alquiler nada m\u00e1s llegar <strong>al Aeropuerto Internacional de Cura\u00e7ao (Aeropuerto Hato)<\/strong>. De este modo, puedes ponerte en marcha inmediatamente despu\u00e9s de aterrizar y no tienes que organizar un taxi. <\/p><p>En <strong>Cura Explore Car Rentals<\/strong>, nos aseguramos de que recoger tu coche sea r\u00e1pido y f\u00e1cil, para que tus vacaciones puedan empezar enseguida.<\/p><p><a href=\"https:\/\/www.youtube.com\/@CuraExploreCarRentals\" target=\"_blank\" rel=\"noopener\"><img decoding=\"async\" class=\"aligncenter wp-image-5700 size-large\" src=\"https:\/\/cura-explore.com\/wp-content\/uploads\/2026\/03\/WhatsApp-Image-2026-03-12-at-2.24.38-PM-768x1024.jpeg\" alt=\"Alquiler de coches Cura Explore Kia Sonet\" width=\"768\" height=\"1024\" srcset=\"https:\/\/cura-explore.com\/wp-content\/uploads\/2026\/03\/WhatsApp-Image-2026-03-12-at-2.24.38-PM-768x1024.jpeg 768w, https:\/\/cura-explore.com\/wp-content\/uploads\/2026\/03\/WhatsApp-Image-2026-03-12-at-2.24.38-PM-225x300.jpeg 225w, https:\/\/cura-explore.com\/wp-content\/uploads\/2026\/03\/WhatsApp-Image-2026-03-12-at-2.24.38-PM-1152x1536.jpeg 1152w, https:\/\/cura-explore.com\/wp-content\/uploads\/2026\/03\/WhatsApp-Image-2026-03-12-at-2.24.38-PM.jpeg 1536w\" sizes=\"(max-width: 768px) 100vw, 768px\" \/><\/a><\/p><h2 id=\"h-waarom-huren-bij-cura-explore-car-rentals\" class=\"wp-block-heading\"><strong>\u2b50 \u00bfPor qu\u00e9 alquilar en Cura Explore Car Rentals?<\/strong><\/h2><p>En Cura Explore creemos en el <strong>alquiler de coches transparente y honesto<\/strong>. Por eso muchos turistas nos eligen a la hora de alquilar un coche en Cura\u00e7ao. <\/p><p>Nuestras ventajas:<\/p><p>\u2714 Precios con todo incluido &#8211; sin costes ocultos<br>\u2714 Veh\u00edculos nuevos y en buen estado<br>\u2714 Servicio r\u00e1pido y personal<br>\u2714 Posibilidad de recogida en aeropuerto, hotel o piso<br>\u2714 Empresa local de alquiler de coches fiable y con excelentes cr\u00edticas<\/p><p>Nos aseguramos de que puedas <strong>descubrir Cura\u00e7ao sin preocupaciones<\/strong>.<\/p><h2 id=\"h-ontdek-curacao-met-de-kia-seltos\" class=\"wp-block-heading\"><strong>\ud83c\udf1e Descubre Cura\u00e7ao con el Kia Seltos<\/strong><\/h2><p>El <strong>Kia Seltos 2026<\/strong> es el SUV perfecto para los viajeros que buscan comodidad, espacio y fiabilidad durante sus vacaciones en Cura\u00e7ao. Tanto si quieres explorar playas, parques naturales o la ciudad, con este coche siempre viajar\u00e1s relajado. <\/p><p>\u00bfQuieres <strong>alquilar<\/strong> el <strong>Kia Seltos en Cura\u00e7ao<\/strong>?<br>Contacto <a href=\"https:\/\/cura-explore.com\/es\/\" target=\"_blank\" rel=\"noopener\"><strong>Cura Explore Alquiler de Coches<\/strong><\/a> y obt\u00e9n un presupuesto r\u00e1pido y sin compromiso.<\/p><p>\ud83d\ude97 <strong>Alquiler de coches Cura Explore &#8211; Explora Cura\u00e7ao con comodidad.<\/strong><\/p><p><a href=\"https:\/\/www.facebook.com\/profile.php?id=61557509752065\" target=\"_blank\" rel=\"noopener\"><img decoding=\"async\" class=\"aligncenter wp-image-5705 size-large\" src=\"https:\/\/cura-explore.com\/wp-content\/uploads\/2026\/03\/WhatsApp-Image-2026-03-12-at-2.30.44-PM-768x1024.jpeg\" alt=\"alquiler de coches curacao Kia Sonet SUV\" width=\"768\" height=\"1024\" srcset=\"https:\/\/cura-explore.com\/wp-content\/uploads\/2026\/03\/WhatsApp-Image-2026-03-12-at-2.30.44-PM-768x1024.jpeg 768w, https:\/\/cura-explore.com\/wp-content\/uploads\/2026\/03\/WhatsApp-Image-2026-03-12-at-2.30.44-PM-225x300.jpeg 225w, https:\/\/cura-explore.com\/wp-content\/uploads\/2026\/03\/WhatsApp-Image-2026-03-12-at-2.30.44-PM-1152x1536.jpeg 1152w, https:\/\/cura-explore.com\/wp-content\/uploads\/2026\/03\/WhatsApp-Image-2026-03-12-at-2.30.44-PM.jpeg 1536w\" sizes=\"(max-width: 768px) 100vw, 768px\" \/><\/a><\/p><p id=\"h-perfect-voor-eilandavonturen\"> <\/p>\t\t\t\t\t\t\t\t<\/div>\n\t\t\t\t\t<\/div>\n\t\t\t\t<\/div>\n\t\t<div class=\"elementor-element elementor-element-3da3a87 e-flex e-con-boxed e-con e-parent\" data-id=\"3da3a87\" data-element_type=\"container\" data-e-type=\"container\">\n\t\t\t\t\t<div class=\"e-con-inner\">\n\t\t\t\t<div class=\"elementor-element elementor-element-0bcbf8a elementor-widget elementor-widget-video\" data-id=\"0bcbf8a\" data-element_type=\"widget\" data-e-type=\"widget\" data-settings=\"{&quot;youtube_url&quot;:&quot;https:\\\/\\\/www.youtube.com\\\/watch?v=b6rTGvVOBY8&quot;,&quot;video_type&quot;:&quot;youtube&quot;,&quot;controls&quot;:&quot;yes&quot;}\" data-widget_type=\"video.default\">\n\t\t\t\t\t\t\t<div class=\"elementor-wrapper elementor-open-inline\">\n\t\t\t<div class=\"elementor-video\"><\/div>\t\t<\/div>\n\t\t\t\t\t\t<\/div>\n\t\t\t\t\t<\/div>\n\t\t\t\t<\/div>\n\t\t\t\t<\/div>\n\t\t","protected":false},"excerpt":{"rendered":"<p>El Kia Seltos 2026 es la \u00faltima incorporaci\u00f3n a la flota de Cura Explora Alquiler de Coches. Este moderno todoterreno combina comodidad, espacio y fiabilidad, por lo que es perfecto para los turistas que quieren explorar Cura\u00e7ao de forma relajada. Tanto si vas a las playas de Westpunt, como si quieres explorar Willemstad o planear [&hellip;]<\/p>\n","protected":false},"author":1,"featured_media":0,"comment_status":"open","ping_status":"open","sticky":false,"template":"","format":"standard","meta":{"footnotes":""},"categories":[18],"tags":[],"class_list":["post-5728","post","type-post","status-publish","format-standard","hentry","category-sin-categoria"],"yoast_head":"<!-- This site is optimized with the Yoast SEO Premium plugin v27.4 (Yoast SEO v27.2) - https:\/\/yoast.com\/product\/yoast-seo-premium-wordpress\/ -->\n<title>Alquiler de Kia Seltos 2026 en Cura\u00e7ao - Confort, espacio y un SUV perfecto para tus vacaciones - Cura Explore<\/title>\n<meta name=\"description\" content=\"El Kia Seltos 2026 es la \u00faltima incorporaci\u00f3n a la flota de Cura Explora Alquiler de Coches. Este moderno todoterreno combina comodidad, espacio y\" \/>\n<meta name=\"robots\" content=\"index, follow, max-snippet:-1, max-image-preview:large, max-video-preview:-1\" \/>\n<link rel=\"canonical\" href=\"https:\/\/cura-explore.com\/kia-seltos-2026-huren-op-curacao-comfort-ruimte-en-perfecte-suv-voor-jouw-vakantie\/\" \/>\n<meta property=\"og:locale\" content=\"es_ES\" \/>\n<meta property=\"og:type\" content=\"article\" \/>\n<meta property=\"og:title\" content=\"Alquiler de Kia Seltos 2026 en Cura\u00e7ao - Confort, espacio y un SUV perfecto para tus vacaciones - Cura Explore\" \/>\n<meta property=\"og:description\" content=\"El Kia Seltos 2026 es la \u00faltima incorporaci\u00f3n a la flota de Cura Explora Alquiler de Coches. Este moderno todoterreno combina comodidad, espacio y\" \/>\n<meta property=\"og:url\" content=\"https:\/\/cura-explore.com\/kia-seltos-2026-huren-op-curacao-comfort-ruimte-en-perfecte-suv-voor-jouw-vakantie\/\" \/>\n<meta property=\"og:site_name\" content=\"Cura Explore\" \/>\n<meta property=\"article:publisher\" content=\"https:\/\/www.facebook.com\/profile.php?id=61557509752065\" \/>\n<meta property=\"article:published_time\" content=\"2026-03-13T15:26:51+00:00\" \/>\n<meta property=\"article:modified_time\" content=\"2026-03-13T15:54:47+00:00\" \/>\n<meta property=\"og:image\" content=\"https:\/\/cura-explore.com\/wp-content\/uploads\/2026\/03\/WhatsApp-Image-2026-03-12-at-2.25.38-PM.jpeg\" \/>\n\t<meta property=\"og:image:width\" content=\"1024\" \/>\n\t<meta property=\"og:image:height\" content=\"1536\" \/>\n\t<meta property=\"og:image:type\" content=\"image\/jpeg\" \/>\n<meta name=\"author\" content=\"admin\" \/>\n<meta name=\"twitter:card\" content=\"summary_large_image\" \/>\n<meta name=\"twitter:label1\" content=\"Escrito por\" \/>\n\t<meta name=\"twitter:data1\" content=\"admin\" \/>\n\t<meta name=\"twitter:label2\" content=\"Tiempo de lectura\" \/>\n\t<meta name=\"twitter:data2\" content=\"4 minutos\" \/>\n<script type=\"application\/ld+json\" class=\"yoast-schema-graph\">{\"@context\":\"https:\/\/schema.org\",\"@graph\":[{\"@type\":\"Article\",\"@id\":\"https:\/\/cura-explore.com\/kia-seltos-2026-huren-op-curacao-comfort-ruimte-en-perfecte-suv-voor-jouw-vakantie\/#article\",\"isPartOf\":{\"@id\":\"https:\/\/cura-explore.com\/kia-seltos-2026-huren-op-curacao-comfort-ruimte-en-perfecte-suv-voor-jouw-vakantie\/\"},\"author\":{\"name\":\"admin\",\"@id\":\"https:\/\/cura-explore.com\/#\/schema\/person\/7c4f8f44c34e4e799b97fb64328278cd\"},\"headline\":\"Alquiler de Kia Seltos 2026 en Cura\u00e7ao &#8211; Confort, espacio y un SUV perfecto para tus vacaciones\",\"datePublished\":\"2026-03-13T15:26:51+00:00\",\"dateModified\":\"2026-03-13T15:54:47+00:00\",\"mainEntityOfPage\":{\"@id\":\"https:\/\/cura-explore.com\/kia-seltos-2026-huren-op-curacao-comfort-ruimte-en-perfecte-suv-voor-jouw-vakantie\/\"},\"wordCount\":671,\"commentCount\":0,\"publisher\":{\"@id\":\"https:\/\/cura-explore.com\/#organization\"},\"image\":{\"@id\":\"https:\/\/cura-explore.com\/kia-seltos-2026-huren-op-curacao-comfort-ruimte-en-perfecte-suv-voor-jouw-vakantie\/#primaryimage\"},\"thumbnailUrl\":\"https:\/\/cura-explore.com\/wp-content\/uploads\/2026\/03\/WhatsApp-Image-2026-03-12-at-2.25.38-PM-683x1024.jpeg\",\"inLanguage\":\"es\",\"potentialAction\":[{\"@type\":\"CommentAction\",\"name\":\"Comment\",\"target\":[\"https:\/\/cura-explore.com\/kia-seltos-2026-huren-op-curacao-comfort-ruimte-en-perfecte-suv-voor-jouw-vakantie\/#respond\"]}]},{\"@type\":\"WebPage\",\"@id\":\"https:\/\/cura-explore.com\/kia-seltos-2026-huren-op-curacao-comfort-ruimte-en-perfecte-suv-voor-jouw-vakantie\/\",\"url\":\"https:\/\/cura-explore.com\/kia-seltos-2026-huren-op-curacao-comfort-ruimte-en-perfecte-suv-voor-jouw-vakantie\/\",\"name\":\"Alquiler de Kia Seltos 2026 en Cura\u00e7ao - Confort, espacio y un SUV perfecto para tus vacaciones - Cura Explore\",\"isPartOf\":{\"@id\":\"https:\/\/cura-explore.com\/#website\"},\"primaryImageOfPage\":{\"@id\":\"https:\/\/cura-explore.com\/kia-seltos-2026-huren-op-curacao-comfort-ruimte-en-perfecte-suv-voor-jouw-vakantie\/#primaryimage\"},\"image\":{\"@id\":\"https:\/\/cura-explore.com\/kia-seltos-2026-huren-op-curacao-comfort-ruimte-en-perfecte-suv-voor-jouw-vakantie\/#primaryimage\"},\"thumbnailUrl\":\"https:\/\/cura-explore.com\/wp-content\/uploads\/2026\/03\/WhatsApp-Image-2026-03-12-at-2.25.38-PM-683x1024.jpeg\",\"datePublished\":\"2026-03-13T15:26:51+00:00\",\"dateModified\":\"2026-03-13T15:54:47+00:00\",\"description\":\"El Kia Seltos 2026 es la \u00faltima incorporaci\u00f3n a la flota de Cura Explora Alquiler de Coches. Este moderno todoterreno combina comodidad, espacio y\",\"breadcrumb\":{\"@id\":\"https:\/\/cura-explore.com\/kia-seltos-2026-huren-op-curacao-comfort-ruimte-en-perfecte-suv-voor-jouw-vakantie\/#breadcrumb\"},\"inLanguage\":\"es\",\"potentialAction\":[{\"@type\":\"ReadAction\",\"target\":[\"https:\/\/cura-explore.com\/kia-seltos-2026-huren-op-curacao-comfort-ruimte-en-perfecte-suv-voor-jouw-vakantie\/\"]}]},{\"@type\":\"ImageObject\",\"inLanguage\":\"es\",\"@id\":\"https:\/\/cura-explore.com\/kia-seltos-2026-huren-op-curacao-comfort-ruimte-en-perfecte-suv-voor-jouw-vakantie\/#primaryimage\",\"url\":\"https:\/\/cura-explore.com\/wp-content\/uploads\/2026\/03\/WhatsApp-Image-2026-03-12-at-2.25.38-PM-683x1024.jpeg\",\"contentUrl\":\"https:\/\/cura-explore.com\/wp-content\/uploads\/2026\/03\/WhatsApp-Image-2026-03-12-at-2.25.38-PM-683x1024.jpeg\"},{\"@type\":\"BreadcrumbList\",\"@id\":\"https:\/\/cura-explore.com\/kia-seltos-2026-huren-op-curacao-comfort-ruimte-en-perfecte-suv-voor-jouw-vakantie\/#breadcrumb\",\"itemListElement\":[{\"@type\":\"ListItem\",\"position\":1,\"name\":\"Home\",\"item\":\"https:\/\/cura-explore.com\/es\/\"},{\"@type\":\"ListItem\",\"position\":2,\"name\":\"Alquiler de Kia Seltos 2026 en Cura\u00e7ao &#8211; Confort, espacio y un SUV perfecto para tus vacaciones\"}]},{\"@type\":\"WebSite\",\"@id\":\"https:\/\/cura-explore.com\/#website\",\"url\":\"https:\/\/cura-explore.com\/\",\"name\":\"Cura Explore\",\"description\":\"Cura\u00e7ao Car Rental\",\"publisher\":{\"@id\":\"https:\/\/cura-explore.com\/#organization\"},\"potentialAction\":[{\"@type\":\"SearchAction\",\"target\":{\"@type\":\"EntryPoint\",\"urlTemplate\":\"https:\/\/cura-explore.com\/?s={search_term_string}\"},\"query-input\":{\"@type\":\"PropertyValueSpecification\",\"valueRequired\":true,\"valueName\":\"search_term_string\"}}],\"inLanguage\":\"es\"},{\"@type\":\"Organization\",\"@id\":\"https:\/\/cura-explore.com\/#organization\",\"name\":\"Cura Explore\",\"url\":\"https:\/\/cura-explore.com\/\",\"logo\":{\"@type\":\"ImageObject\",\"inLanguage\":\"es\",\"@id\":\"https:\/\/cura-explore.com\/#\/schema\/logo\/image\/\",\"url\":\"https:\/\/cura-explore.com\/wp-content\/uploads\/2024\/06\/logo-transparency-file-2-2.png\",\"contentUrl\":\"https:\/\/cura-explore.com\/wp-content\/uploads\/2024\/06\/logo-transparency-file-2-2.png\",\"width\":1506,\"height\":512,\"caption\":\"Cura Explore\"},\"image\":{\"@id\":\"https:\/\/cura-explore.com\/#\/schema\/logo\/image\/\"},\"sameAs\":[\"https:\/\/www.facebook.com\/profile.php?id=61557509752065\",\"https:\/\/www.instagram.com\/cura.explore\",\"https:\/\/www.youtube.com\/@CuraExploreCarRentals\"]},{\"@type\":\"Person\",\"@id\":\"https:\/\/cura-explore.com\/#\/schema\/person\/7c4f8f44c34e4e799b97fb64328278cd\",\"name\":\"admin\",\"image\":{\"@type\":\"ImageObject\",\"inLanguage\":\"es\",\"@id\":\"https:\/\/secure.gravatar.com\/avatar\/71dc6ae6c0aa95a5f2d9ced9245f9449bc49bee4d55f5d08f3c2910031162fa4?s=96&d=mm&r=g\",\"url\":\"https:\/\/secure.gravatar.com\/avatar\/71dc6ae6c0aa95a5f2d9ced9245f9449bc49bee4d55f5d08f3c2910031162fa4?s=96&d=mm&r=g\",\"contentUrl\":\"https:\/\/secure.gravatar.com\/avatar\/71dc6ae6c0aa95a5f2d9ced9245f9449bc49bee4d55f5d08f3c2910031162fa4?s=96&d=mm&r=g\",\"caption\":\"admin\"},\"sameAs\":[\"https:\/\/cura-explore.com\"],\"url\":\"https:\/\/cura-explore.com\/es\/author\/admin\/\"}]}<\/script>\n<!-- \/ Yoast SEO Premium plugin. -->","yoast_head_json":{"title":"Alquiler de Kia Seltos 2026 en Cura\u00e7ao - Confort, espacio y un SUV perfecto para tus vacaciones - Cura Explore","description":"El Kia Seltos 2026 es la \u00faltima incorporaci\u00f3n a la flota de Cura Explora Alquiler de Coches. Este moderno todoterreno combina comodidad, espacio y","robots":{"index":"index","follow":"follow","max-snippet":"max-snippet:-1","max-image-preview":"max-image-preview:large","max-video-preview":"max-video-preview:-1"},"canonical":"https:\/\/cura-explore.com\/kia-seltos-2026-huren-op-curacao-comfort-ruimte-en-perfecte-suv-voor-jouw-vakantie\/","og_locale":"es_ES","og_type":"article","og_title":"Alquiler de Kia Seltos 2026 en Cura\u00e7ao - Confort, espacio y un SUV perfecto para tus vacaciones - Cura Explore","og_description":"El Kia Seltos 2026 es la \u00faltima incorporaci\u00f3n a la flota de Cura Explora Alquiler de Coches. Este moderno todoterreno combina comodidad, espacio y","og_url":"https:\/\/cura-explore.com\/kia-seltos-2026-huren-op-curacao-comfort-ruimte-en-perfecte-suv-voor-jouw-vakantie\/","og_site_name":"Cura Explore","article_publisher":"https:\/\/www.facebook.com\/profile.php?id=61557509752065","article_published_time":"2026-03-13T15:26:51+00:00","article_modified_time":"2026-03-13T15:54:47+00:00","og_image":[{"width":1024,"height":1536,"url":"https:\/\/cura-explore.com\/wp-content\/uploads\/2026\/03\/WhatsApp-Image-2026-03-12-at-2.25.38-PM.jpeg","type":"image\/jpeg"}],"author":"admin","twitter_card":"summary_large_image","twitter_misc":{"Escrito por":"admin","Tiempo de lectura":"4 minutos"},"schema":{"@context":"https:\/\/schema.org","@graph":[{"@type":"Article","@id":"https:\/\/cura-explore.com\/kia-seltos-2026-huren-op-curacao-comfort-ruimte-en-perfecte-suv-voor-jouw-vakantie\/#article","isPartOf":{"@id":"https:\/\/cura-explore.com\/kia-seltos-2026-huren-op-curacao-comfort-ruimte-en-perfecte-suv-voor-jouw-vakantie\/"},"author":{"name":"admin","@id":"https:\/\/cura-explore.com\/#\/schema\/person\/7c4f8f44c34e4e799b97fb64328278cd"},"headline":"Alquiler de Kia Seltos 2026 en Cura\u00e7ao &#8211; Confort, espacio y un SUV perfecto para tus vacaciones","datePublished":"2026-03-13T15:26:51+00:00","dateModified":"2026-03-13T15:54:47+00:00","mainEntityOfPage":{"@id":"https:\/\/cura-explore.com\/kia-seltos-2026-huren-op-curacao-comfort-ruimte-en-perfecte-suv-voor-jouw-vakantie\/"},"wordCount":671,"commentCount":0,"publisher":{"@id":"https:\/\/cura-explore.com\/#organization"},"image":{"@id":"https:\/\/cura-explore.com\/kia-seltos-2026-huren-op-curacao-comfort-ruimte-en-perfecte-suv-voor-jouw-vakantie\/#primaryimage"},"thumbnailUrl":"https:\/\/cura-explore.com\/wp-content\/uploads\/2026\/03\/WhatsApp-Image-2026-03-12-at-2.25.38-PM-683x1024.jpeg","inLanguage":"es","potentialAction":[{"@type":"CommentAction","name":"Comment","target":["https:\/\/cura-explore.com\/kia-seltos-2026-huren-op-curacao-comfort-ruimte-en-perfecte-suv-voor-jouw-vakantie\/#respond"]}]},{"@type":"WebPage","@id":"https:\/\/cura-explore.com\/kia-seltos-2026-huren-op-curacao-comfort-ruimte-en-perfecte-suv-voor-jouw-vakantie\/","url":"https:\/\/cura-explore.com\/kia-seltos-2026-huren-op-curacao-comfort-ruimte-en-perfecte-suv-voor-jouw-vakantie\/","name":"Alquiler de Kia Seltos 2026 en Cura\u00e7ao - Confort, espacio y un SUV perfecto para tus vacaciones - Cura Explore","isPartOf":{"@id":"https:\/\/cura-explore.com\/#website"},"primaryImageOfPage":{"@id":"https:\/\/cura-explore.com\/kia-seltos-2026-huren-op-curacao-comfort-ruimte-en-perfecte-suv-voor-jouw-vakantie\/#primaryimage"},"image":{"@id":"https:\/\/cura-explore.com\/kia-seltos-2026-huren-op-curacao-comfort-ruimte-en-perfecte-suv-voor-jouw-vakantie\/#primaryimage"},"thumbnailUrl":"https:\/\/cura-explore.com\/wp-content\/uploads\/2026\/03\/WhatsApp-Image-2026-03-12-at-2.25.38-PM-683x1024.jpeg","datePublished":"2026-03-13T15:26:51+00:00","dateModified":"2026-03-13T15:54:47+00:00","description":"El Kia Seltos 2026 es la \u00faltima incorporaci\u00f3n a la flota de Cura Explora Alquiler de Coches. Este moderno todoterreno combina comodidad, espacio y","breadcrumb":{"@id":"https:\/\/cura-explore.com\/kia-seltos-2026-huren-op-curacao-comfort-ruimte-en-perfecte-suv-voor-jouw-vakantie\/#breadcrumb"},"inLanguage":"es","potentialAction":[{"@type":"ReadAction","target":["https:\/\/cura-explore.com\/kia-seltos-2026-huren-op-curacao-comfort-ruimte-en-perfecte-suv-voor-jouw-vakantie\/"]}]},{"@type":"ImageObject","inLanguage":"es","@id":"https:\/\/cura-explore.com\/kia-seltos-2026-huren-op-curacao-comfort-ruimte-en-perfecte-suv-voor-jouw-vakantie\/#primaryimage","url":"https:\/\/cura-explore.com\/wp-content\/uploads\/2026\/03\/WhatsApp-Image-2026-03-12-at-2.25.38-PM-683x1024.jpeg","contentUrl":"https:\/\/cura-explore.com\/wp-content\/uploads\/2026\/03\/WhatsApp-Image-2026-03-12-at-2.25.38-PM-683x1024.jpeg"},{"@type":"BreadcrumbList","@id":"https:\/\/cura-explore.com\/kia-seltos-2026-huren-op-curacao-comfort-ruimte-en-perfecte-suv-voor-jouw-vakantie\/#breadcrumb","itemListElement":[{"@type":"ListItem","position":1,"name":"Home","item":"https:\/\/cura-explore.com\/es\/"},{"@type":"ListItem","position":2,"name":"Alquiler de Kia Seltos 2026 en Cura\u00e7ao &#8211; Confort, espacio y un SUV perfecto para tus vacaciones"}]},{"@type":"WebSite","@id":"https:\/\/cura-explore.com\/#website","url":"https:\/\/cura-explore.com\/","name":"Cura Explore","description":"Cura\u00e7ao Car Rental","publisher":{"@id":"https:\/\/cura-explore.com\/#organization"},"potentialAction":[{"@type":"SearchAction","target":{"@type":"EntryPoint","urlTemplate":"https:\/\/cura-explore.com\/?s={search_term_string}"},"query-input":{"@type":"PropertyValueSpecification","valueRequired":true,"valueName":"search_term_string"}}],"inLanguage":"es"},{"@type":"Organization","@id":"https:\/\/cura-explore.com\/#organization","name":"Cura Explore","url":"https:\/\/cura-explore.com\/","logo":{"@type":"ImageObject","inLanguage":"es","@id":"https:\/\/cura-explore.com\/#\/schema\/logo\/image\/","url":"https:\/\/cura-explore.com\/wp-content\/uploads\/2024\/06\/logo-transparency-file-2-2.png","contentUrl":"https:\/\/cura-explore.com\/wp-content\/uploads\/2024\/06\/logo-transparency-file-2-2.png","width":1506,"height":512,"caption":"Cura Explore"},"image":{"@id":"https:\/\/cura-explore.com\/#\/schema\/logo\/image\/"},"sameAs":["https:\/\/www.facebook.com\/profile.php?id=61557509752065","https:\/\/www.instagram.com\/cura.explore","https:\/\/www.youtube.com\/@CuraExploreCarRentals"]},{"@type":"Person","@id":"https:\/\/cura-explore.com\/#\/schema\/person\/7c4f8f44c34e4e799b97fb64328278cd","name":"admin","image":{"@type":"ImageObject","inLanguage":"es","@id":"https:\/\/secure.gravatar.com\/avatar\/71dc6ae6c0aa95a5f2d9ced9245f9449bc49bee4d55f5d08f3c2910031162fa4?s=96&d=mm&r=g","url":"https:\/\/secure.gravatar.com\/avatar\/71dc6ae6c0aa95a5f2d9ced9245f9449bc49bee4d55f5d08f3c2910031162fa4?s=96&d=mm&r=g","contentUrl":"https:\/\/secure.gravatar.com\/avatar\/71dc6ae6c0aa95a5f2d9ced9245f9449bc49bee4d55f5d08f3c2910031162fa4?s=96&d=mm&r=g","caption":"admin"},"sameAs":["https:\/\/cura-explore.com"],"url":"https:\/\/cura-explore.com\/es\/author\/admin\/"}]}},"_links":{"self":[{"href":"https:\/\/cura-explore.com\/es\/wp-json\/wp\/v2\/posts\/5728","targetHints":{"allow":["GET"]}}],"collection":[{"href":"https:\/\/cura-explore.com\/es\/wp-json\/wp\/v2\/posts"}],"about":[{"href":"https:\/\/cura-explore.com\/es\/wp-json\/wp\/v2\/types\/post"}],"author":[{"embeddable":true,"href":"https:\/\/cura-explore.com\/es\/wp-json\/wp\/v2\/users\/1"}],"replies":[{"embeddable":true,"href":"https:\/\/cura-explore.com\/es\/wp-json\/wp\/v2\/comments?post=5728"}],"version-history":[{"count":4,"href":"https:\/\/cura-explore.com\/es\/wp-json\/wp\/v2\/posts\/5728\/revisions"}],"predecessor-version":[{"id":5735,"href":"https:\/\/cura-explore.com\/es\/wp-json\/wp\/v2\/posts\/5728\/revisions\/5735"}],"wp:attachment":[{"href":"https:\/\/cura-explore.com\/es\/wp-json\/wp\/v2\/media?parent=5728"}],"wp:term":[{"taxonomy":"category","embeddable":true,"href":"https:\/\/cura-explore.com\/es\/wp-json\/wp\/v2\/categories?post=5728"},{"taxonomy":"post_tag","embeddable":true,"href":"https:\/\/cura-explore.com\/es\/wp-json\/wp\/v2\/tags?post=5728"}],"curies":[{"name":"wp","href":"https:\/\/api.w.org\/{rel}","templated":true}]}}