{"id":1499,"date":"2025-04-25T17:31:53","date_gmt":"2025-04-25T17:31:53","guid":{"rendered":"https:\/\/cura-explore.com\/2025\/04\/25\/alquiler-de-coches-curacao-kia-carens\/"},"modified":"2025-04-29T16:42:53","modified_gmt":"2025-04-29T16:42:53","slug":"alquiler-de-coches-curacao-kia-carens","status":"publish","type":"post","link":"https:\/\/cura-explore.com\/es\/alquiler-de-coches-curacao-kia-carens\/","title":{"rendered":"Alquiler de coches Cura\u00e7ao: Kia Carens"},"content":{"rendered":"\t\t<div data-elementor-type=\"wp-post\" data-elementor-id=\"1499\" class=\"elementor elementor-1499 elementor-1410\" data-elementor-post-type=\"post\">\n\t\t\t\t<div class=\"elementor-element elementor-element-3d05baaa e-flex e-con-boxed e-con e-parent\" data-id=\"3d05baaa\" data-element_type=\"container\" data-e-type=\"container\">\n\t\t\t\t\t<div class=\"e-con-inner\">\n\t\t\t\t<div class=\"elementor-element elementor-element-d070b9b elementor-widget elementor-widget-text-editor\" data-id=\"d070b9b\" data-element_type=\"widget\" data-e-type=\"widget\" data-widget_type=\"text-editor.default\">\n\t\t\t\t\t\t\t\t\t<blockquote class=\"wp-block-quote\"><p class=\"has-text-align-center\">\ud83d\udcc5 <a href=\"http:\/\/www.cura-explore.com\">25-04-2025<\/a> \ud83c\udff7 <a href=\"http:\/\/www.cura-explore.com\">Kia Carens<\/a>, <a href=\"http:\/\/www.cura-explore.com\">Alquiler de coches Cura\u00e7ao<\/a><\/p><\/blockquote><div class=\"wp-block-columns\"><a href=\"http:\/\/cura-explore.com\"><img fetchpriority=\"high\" decoding=\"async\" class=\"aligncenter wp-image-1483 size-large\" src=\"https:\/\/cura-explore.com\/wp-content\/uploads\/2025\/04\/autohurenkiacarens-1024x683.png\" alt=\"\" width=\"800\" height=\"534\" srcset=\"https:\/\/cura-explore.com\/wp-content\/uploads\/2025\/04\/autohurenkiacarens-1024x683.png 1024w, https:\/\/cura-explore.com\/wp-content\/uploads\/2025\/04\/autohurenkiacarens-300x200.png 300w, https:\/\/cura-explore.com\/wp-content\/uploads\/2025\/04\/autohurenkiacarens-768x512.png 768w, https:\/\/cura-explore.com\/wp-content\/uploads\/2025\/04\/autohurenkiacarens.png 1536w\" sizes=\"(max-width: 800px) 100vw, 800px\" \/><\/a><\/div><h2 id=\"h-nieuw-bij-cura-explore-de-2025-kia-carens-staat-voor-je-klaar\" class=\"wp-block-heading\">Alquiler de coches en Cura\u00e7ao: El Kia Carens 2025 te est\u00e1 esperando<\/h2><p class=\"has-text-align-left\"><a href=\"https:\/\/www.instagram.com\/cura.explore\/\">Cura Explore Car Rental<\/a> tiene el nuevo Kia Carens 2025 esper\u00e1ndote.<\/p><h2 id=\"h-comfort-en-ruimte-voor-het-hele-gezin\" class=\"wp-block-heading has-text-align-left\">Huuauto Cura\u00e7ao: Confort y espacio para toda la familia<\/h2><p class=\"has-text-align-left\">Una gran 7-sitter con mucho confort, lujo y fant\u00e1sticos acabados. \u00bfQuieres conducir por nuestra hermosa y soleada isla con todo lujo? Entonces alquila el KIA CARENS.  <\/p><p>Alquilar un coche en Cura\u00e7ao es esencial para tus vacaciones. No s\u00f3lo cuando vayas a pasar un d\u00eda en la playa, o hagas un viaje panor\u00e1mico a Westpunt, sino tambi\u00e9n cuando des un paseo nocturno por Pietermaai. En otras palabras: Todo es posible con el KIA CARENS.  <\/p><p class=\"has-text-align-left\">Cuando ves por primera vez un Kia Carens 7-sitter dudas por un momento: \u00bfEs un monovolumen por su aspecto futurista o es un crossover por sus elegantes l\u00edneas alargadas?<\/p><h2 id=\"h-ruimte-voor-7-personen-en-dan-nog-bagage\" class=\"wp-block-heading has-text-align-left\">Alquiler de coches Cura\u00e7ao: espacio para 7 &#8211; y luego el equipaje<\/h2><p class=\"has-text-align-left\">Es un monovolumen para la vida familiar activa o si vas con un grupo de siete personas. Hay espacio para todos. Puedes utilizar la 3\u00aa fila de asientos con dos plazas separadas. Cuando los abates, tienes un amplio maletero para tu equipaje.   <\/p><p>El Kia Carens no s\u00f3lo ofrece un mar de espacio y versatilidad, el coche tambi\u00e9n se caracteriza por detalles de bello dise\u00f1o all\u00e1 donde mires.<\/p><p>No s\u00f3lo el conductor se merece un viaje c\u00f3modo y seguro. El Kia Carens tambi\u00e9n tiene en cuenta a todos. Esto incluye pr\u00e1cticas mesas plegables para los pasajeros en la segunda fila de asientos. Adem\u00e1s, los 6 airbags ofrecen seguridad adicional. Y gracias al asiento alto y a la gran superficie acristalada, todos tienen una vista fant\u00e1stica.    <\/p><p>Mira un v\u00eddeo del Kia Carens aqu\u00ed:<\/p><p><iframe title=\"Reproductor de v\u00eddeo de YouTube\" src=\"https:\/\/www.youtube.com\/embed\/prW1eDGYVyc?si=-gI0rmtFoDBya5Xi\" width=\"560\" height=\"315\" frameborder=\"0\" allowfullscreen=\"allowfullscreen\"><\/iframe> <\/p><h2 id=\"h-connected-rijden-met-carplay-android-auto-amp-tomtom\" class=\"wp-block-heading has-text-align-left\"><a href=\"https:\/\/cura-explore.com\/es\/\">Coche de alquiler Cura\u00e7ao<\/a>: Conducci\u00f3n conectada con CarPlay, Android Auto y TomTom<\/h2><p class=\"has-text-align-left\">Por muy sofisticado que sea el sistema de audio, es f\u00e1cil de manejar. Puedes conectar cualquier fuente de sonido a trav\u00e9s de la entrada USB o AUX, y luego manejar la pantalla t\u00e1ctil con la punta de los dedos. El Carens est\u00e1 disponible con los Servicios Conectados Kia. En colaboraci\u00f3n con TomTom, ofrece actualizaciones de tr\u00e1fico en directo, alertas de radares de tr\u00e1fico, lugares de inter\u00e9s y actualizaciones meteorol\u00f3gicas, entre otras cosas. Otras nuevas funciones \u00fatiles son: Apple CarPlay y Android Auto, para facilitar la conectividad.    <\/p><p>Cuando conectas tu tel\u00e9fono iPhone o Android a CarPlay, puedes obtener indicaciones, hacer llamadas telef\u00f3nicas, enviar y recibir mensajes y escuchar m\u00fasica, entre otras cosas. En iOS 13 y versiones posteriores, el salpicadero de CarPlay ofrece una visi\u00f3n m\u00e1s sencilla de la carretera. <\/p><p>Todos nuestros coches de alquiler vienen con transmisi\u00f3n autom\u00e1tica, aire acondicionado y kilometraje ilimitado.<\/p><h3 id=\"h-reserveer-nu-gemakkelijk-online\" class=\"wp-block-heading has-text-align-left\">Reserva ahora f\u00e1cilmente online<\/h3><p class=\"has-text-align-left\">Es f\u00e1cil reservar el coche en: <a href=\"http:\/\/www.cura-explore.com\">www.cura-explore.com<\/a><\/p><p><a href=\"https:\/\/www.google.com\/search?sca_esv=f6861048bb8aaca5&amp;rlz=1C1GIVA_enCW900CW900&amp;tbm=lcl&amp;q=Cura+Explore+Reviews&amp;rflfq=1&amp;num=20&amp;stick=H4sIAAAAAAAAAONgkxI2NjWzNDAyszA2MDc3NTO0MDWy2MDI-IpRxLm0KFHBtaIgJ78oVSEotSwztbx4EStWYQBMz4jSSAAAAA&amp;rldimm=3569026830775618528&amp;hl=en-NL&amp;sa=X&amp;ved=2ahUKEwiD4MSez_2MAxXfRjABHY8sF20Q9fQKegQIRBAF&amp;biw=1680&amp;bih=889&amp;dpr=1#lkt=LocalPoiReviews\">Comprueba lo que la gente dice de nosotros aqu\u00ed, nuestras opiniones.<\/a><\/p><p><a href=\"http:\/\/cura-explore.com\"><img decoding=\"async\" class=\"aligncenter size-full wp-image-1487\" src=\"https:\/\/cura-explore.com\/wp-content\/uploads\/2025\/04\/autohurencuracaokiacarens2.png\" alt=\"\" width=\"768\" height=\"512\" srcset=\"https:\/\/cura-explore.com\/wp-content\/uploads\/2025\/04\/autohurencuracaokiacarens2.png 768w, https:\/\/cura-explore.com\/wp-content\/uploads\/2025\/04\/autohurencuracaokiacarens2-300x200.png 300w\" sizes=\"(max-width: 768px) 100vw, 768px\" \/><\/a><\/p>\t\t\t\t\t\t\t\t<\/div>\n\t\t\t\t\t<\/div>\n\t\t\t\t<\/div>\n\t\t\t\t<\/div>\n\t\t","protected":false},"excerpt":{"rendered":"<p>\ud83d\udcc5 25-04-2025 \ud83c\udff7 Kia Carens, Alquiler de coches Cura\u00e7ao Alquiler de coches en Cura\u00e7ao: El Kia Carens 2025 te est\u00e1 esperando Cura Explore Car Rental tiene el nuevo Kia Carens 2025 esper\u00e1ndote. Huuauto Cura\u00e7ao: Confort y espacio para toda la familia Una gran 7-sitter con mucho confort, lujo y fant\u00e1sticos acabados. \u00bfQuieres conducir por nuestra [&hellip;]<\/p>\n","protected":false},"author":1,"featured_media":0,"comment_status":"closed","ping_status":"open","sticky":false,"template":"","format":"standard","meta":{"footnotes":""},"categories":[18],"tags":[],"class_list":["post-1499","post","type-post","status-publish","format-standard","hentry","category-sin-categoria"],"yoast_head":"<!-- This site is optimized with the Yoast SEO Premium plugin v27.5 (Yoast SEO v27.5) - https:\/\/yoast.com\/product\/yoast-seo-premium-wordpress\/ -->\n<title>Alquiler de coches Cura\u00e7ao: Kia Carens - Cura Explore<\/title>\n<meta name=\"description\" content=\"\ud83d\udcc5 25-04-2025 \ud83c\udff7 Kia Carens, Alquiler de coches Cura\u00e7aoAlquiler de coches en Cura\u00e7ao: El Kia Carens 2025 te est\u00e1 esperandoCura Explore Car Rental tiene el\" \/>\n<meta name=\"robots\" content=\"index, follow, max-snippet:-1, max-image-preview:large, max-video-preview:-1\" \/>\n<link rel=\"canonical\" href=\"https:\/\/cura-explore.com\/es\/alquiler-de-coches-curacao-kia-carens\/\" \/>\n<meta property=\"og:locale\" content=\"es_ES\" \/>\n<meta property=\"og:type\" content=\"article\" \/>\n<meta property=\"og:title\" content=\"Alquiler de coches Cura\u00e7ao: Kia Carens\" \/>\n<meta property=\"og:description\" content=\"\ud83d\udcc5 25-04-2025 \ud83c\udff7 Kia Carens, Alquiler de coches Cura\u00e7aoAlquiler de coches en Cura\u00e7ao: El Kia Carens 2025 te est\u00e1 esperandoCura Explore Car Rental tiene el\" \/>\n<meta property=\"og:url\" content=\"https:\/\/cura-explore.com\/es\/alquiler-de-coches-curacao-kia-carens\/\" \/>\n<meta property=\"og:site_name\" content=\"Cura Explore\" \/>\n<meta property=\"article:publisher\" content=\"https:\/\/www.facebook.com\/profile.php?id=61557509752065\" \/>\n<meta property=\"article:published_time\" content=\"2025-04-25T17:31:53+00:00\" \/>\n<meta property=\"article:modified_time\" content=\"2025-04-29T16:42:53+00:00\" \/>\n<meta property=\"og:image\" content=\"https:\/\/cura-explore.com\/wp-content\/uploads\/2025\/04\/autohurenkiacarens-1024x683.png\" \/>\n<meta name=\"author\" content=\"admin\" \/>\n<meta name=\"twitter:card\" content=\"summary_large_image\" \/>\n<meta name=\"twitter:label1\" content=\"Escrito por\" \/>\n\t<meta name=\"twitter:data1\" content=\"admin\" \/>\n\t<meta name=\"twitter:label2\" content=\"Tiempo de lectura\" \/>\n\t<meta name=\"twitter:data2\" content=\"2 minutos\" \/>\n<script type=\"application\/ld+json\" class=\"yoast-schema-graph\">{\"@context\":\"https:\\\/\\\/schema.org\",\"@graph\":[{\"@type\":\"Article\",\"@id\":\"https:\\\/\\\/cura-explore.com\\\/es\\\/alquiler-de-coches-curacao-kia-carens\\\/#article\",\"isPartOf\":{\"@id\":\"https:\\\/\\\/cura-explore.com\\\/es\\\/alquiler-de-coches-curacao-kia-carens\\\/\"},\"author\":{\"name\":\"admin\",\"@id\":\"https:\\\/\\\/cura-explore.com\\\/es\\\/#\\\/schema\\\/person\\\/44511b97269b386e33ade9d1d0afa5f4\"},\"headline\":\"Alquiler de coches Cura\u00e7ao: Kia Carens\",\"datePublished\":\"2025-04-25T17:31:53+00:00\",\"dateModified\":\"2025-04-29T16:42:53+00:00\",\"mainEntityOfPage\":{\"@id\":\"https:\\\/\\\/cura-explore.com\\\/es\\\/alquiler-de-coches-curacao-kia-carens\\\/\"},\"wordCount\":506,\"publisher\":{\"@id\":\"https:\\\/\\\/cura-explore.com\\\/es\\\/#organization\"},\"image\":{\"@id\":\"https:\\\/\\\/cura-explore.com\\\/es\\\/alquiler-de-coches-curacao-kia-carens\\\/#primaryimage\"},\"thumbnailUrl\":\"https:\\\/\\\/cura-explore.com\\\/wp-content\\\/uploads\\\/2025\\\/04\\\/autohurenkiacarens-1024x683.png\",\"inLanguage\":\"es\"},{\"@type\":\"WebPage\",\"@id\":\"https:\\\/\\\/cura-explore.com\\\/es\\\/alquiler-de-coches-curacao-kia-carens\\\/\",\"url\":\"https:\\\/\\\/cura-explore.com\\\/es\\\/alquiler-de-coches-curacao-kia-carens\\\/\",\"name\":\"Alquiler de coches Cura\u00e7ao: Kia Carens - Cura Explore\",\"isPartOf\":{\"@id\":\"https:\\\/\\\/cura-explore.com\\\/es\\\/#website\"},\"primaryImageOfPage\":{\"@id\":\"https:\\\/\\\/cura-explore.com\\\/es\\\/alquiler-de-coches-curacao-kia-carens\\\/#primaryimage\"},\"image\":{\"@id\":\"https:\\\/\\\/cura-explore.com\\\/es\\\/alquiler-de-coches-curacao-kia-carens\\\/#primaryimage\"},\"thumbnailUrl\":\"https:\\\/\\\/cura-explore.com\\\/wp-content\\\/uploads\\\/2025\\\/04\\\/autohurenkiacarens-1024x683.png\",\"datePublished\":\"2025-04-25T17:31:53+00:00\",\"dateModified\":\"2025-04-29T16:42:53+00:00\",\"description\":\"\ud83d\udcc5 25-04-2025 \ud83c\udff7 Kia Carens, Alquiler de coches Cura\u00e7aoAlquiler de coches en Cura\u00e7ao: El Kia Carens 2025 te est\u00e1 esperandoCura Explore Car Rental tiene el\",\"breadcrumb\":{\"@id\":\"https:\\\/\\\/cura-explore.com\\\/es\\\/alquiler-de-coches-curacao-kia-carens\\\/#breadcrumb\"},\"inLanguage\":\"es\",\"potentialAction\":[{\"@type\":\"ReadAction\",\"target\":[\"https:\\\/\\\/cura-explore.com\\\/es\\\/alquiler-de-coches-curacao-kia-carens\\\/\"]}]},{\"@type\":\"ImageObject\",\"inLanguage\":\"es\",\"@id\":\"https:\\\/\\\/cura-explore.com\\\/es\\\/alquiler-de-coches-curacao-kia-carens\\\/#primaryimage\",\"url\":\"https:\\\/\\\/cura-explore.com\\\/wp-content\\\/uploads\\\/2025\\\/04\\\/autohurenkiacarens-1024x683.png\",\"contentUrl\":\"https:\\\/\\\/cura-explore.com\\\/wp-content\\\/uploads\\\/2025\\\/04\\\/autohurenkiacarens-1024x683.png\"},{\"@type\":\"BreadcrumbList\",\"@id\":\"https:\\\/\\\/cura-explore.com\\\/es\\\/alquiler-de-coches-curacao-kia-carens\\\/#breadcrumb\",\"itemListElement\":[{\"@type\":\"ListItem\",\"position\":1,\"name\":\"Home\",\"item\":\"https:\\\/\\\/cura-explore.com\\\/es\\\/\"},{\"@type\":\"ListItem\",\"position\":2,\"name\":\"Alquiler de coches Cura\u00e7ao: Kia Carens\"}]},{\"@type\":\"WebSite\",\"@id\":\"https:\\\/\\\/cura-explore.com\\\/es\\\/#website\",\"url\":\"https:\\\/\\\/cura-explore.com\\\/es\\\/\",\"name\":\"Cura Explore\",\"description\":\"Cura\u00e7ao Car Rental\",\"publisher\":{\"@id\":\"https:\\\/\\\/cura-explore.com\\\/es\\\/#organization\"},\"potentialAction\":[{\"@type\":\"SearchAction\",\"target\":{\"@type\":\"EntryPoint\",\"urlTemplate\":\"https:\\\/\\\/cura-explore.com\\\/es\\\/?s={search_term_string}\"},\"query-input\":{\"@type\":\"PropertyValueSpecification\",\"valueRequired\":true,\"valueName\":\"search_term_string\"}}],\"inLanguage\":\"es\"},{\"@type\":\"Organization\",\"@id\":\"https:\\\/\\\/cura-explore.com\\\/es\\\/#organization\",\"name\":\"Cura Explore\",\"url\":\"https:\\\/\\\/cura-explore.com\\\/es\\\/\",\"logo\":{\"@type\":\"ImageObject\",\"inLanguage\":\"es\",\"@id\":\"https:\\\/\\\/cura-explore.com\\\/es\\\/#\\\/schema\\\/logo\\\/image\\\/\",\"url\":\"https:\\\/\\\/cura-explore.com\\\/wp-content\\\/uploads\\\/2024\\\/06\\\/logo-transparency-file-2-2.png\",\"contentUrl\":\"https:\\\/\\\/cura-explore.com\\\/wp-content\\\/uploads\\\/2024\\\/06\\\/logo-transparency-file-2-2.png\",\"width\":1506,\"height\":512,\"caption\":\"Cura Explore\"},\"image\":{\"@id\":\"https:\\\/\\\/cura-explore.com\\\/es\\\/#\\\/schema\\\/logo\\\/image\\\/\"},\"sameAs\":[\"https:\\\/\\\/www.facebook.com\\\/profile.php?id=61557509752065\",\"https:\\\/\\\/www.instagram.com\\\/cura.explore\",\"https:\\\/\\\/www.youtube.com\\\/@CuraExploreCarRentals\"],\"description\":\"Cura Explore Car Rentals B.V. is een jong dynamisch bedrijf, gericht op persoonlijk contact, hoogwaardige service, nieuwe autos en ultieme efficientie. Wanneer u op vakantie bent dan gaat het om gemak. U wilt niet uren op zoek zijn naar die ene betaalbare maar goede huurauto om vervolgens allerlei moeilijke formulieren te moeten invullen of kleine lettertjes te moeten lezen. U heeft geen zin om op het vliegveld een uur te wachten voordat u eindelijk uw huurauto krijgt. U wilt ook zeker niet voor verrassingen komen te staan en plotseling meer moeten betalen dan is afgesproken. U wilt geen buitenlandse nummers hoeven bellen om terecht te komen in allelei keuzemenu\u2019s. U wilt weten waar u aan toe bent! Gewoon een perfecte auto voor een perfecte prijs met duidelijke afspraken en fijne persoonlijk service. En dat is precies waar Cura Explore voor staat! Cura Explore: Uitsluitend nieuwe autos van hoge kwaliteit; het laatste wat u op vakantie wilt is een auto met mankementen. Persoonlijke service voorop; onze Whatsapp is de hele dag voor u beschikbaar. Wij kunnen via Whatsapp voor u een boeking maken, vragen beantwoorden, ondersteuning bieden bij problemen en meer. Brengt de auto waar u deze nodig heeft; wij zitten 1km van het vliegveld. Wanneer u uw auto op het vliegveld wilt ontvangen halen wij je op, rijden naar onze locatie, doen het papierwerk en kunt u uw weg vervolgen. Wilt u liever de auto bij uw hotel\\\/verblijf ontvangen? Geen probleem, wij komen naar u toe. Altijd inclusief 24\\\/7 pechhulp; Mocht u pech ondervinden komt er iemand naar u toe om te helpen. Kan de auto niet verder? Dan wordt u thuisgebracht en zorgen wij voor een vervangende auto. Altijd inclusief verzekering; Bij iedere reservering zit een verplichte basisverzekering met de optie van het afkopen van het eigen risico. Veilig betalen met uw bankpas of credit card: Wij hebben bij iedere levering een mobiele betaalautomaat bij ons. Cash is niet nodig. Niet voor niets scoort Cura Explore 5 uit 5 op de b\",\"email\":\"info@cura-explore.com\",\"telephone\":\"+59995204140\",\"legalName\":\"FD Rooseveltweg 348, Willemstad, Curacao\",\"foundingDate\":\"2024-06-01\"},{\"@type\":\"Person\",\"@id\":\"https:\\\/\\\/cura-explore.com\\\/es\\\/#\\\/schema\\\/person\\\/44511b97269b386e33ade9d1d0afa5f4\",\"name\":\"admin\",\"image\":{\"@type\":\"ImageObject\",\"inLanguage\":\"es\",\"@id\":\"https:\\\/\\\/secure.gravatar.com\\\/avatar\\\/71dc6ae6c0aa95a5f2d9ced9245f9449bc49bee4d55f5d08f3c2910031162fa4?s=96&d=mm&r=g\",\"url\":\"https:\\\/\\\/secure.gravatar.com\\\/avatar\\\/71dc6ae6c0aa95a5f2d9ced9245f9449bc49bee4d55f5d08f3c2910031162fa4?s=96&d=mm&r=g\",\"contentUrl\":\"https:\\\/\\\/secure.gravatar.com\\\/avatar\\\/71dc6ae6c0aa95a5f2d9ced9245f9449bc49bee4d55f5d08f3c2910031162fa4?s=96&d=mm&r=g\",\"caption\":\"admin\"},\"sameAs\":[\"https:\\\/\\\/cura-explore.com\"],\"url\":\"https:\\\/\\\/cura-explore.com\\\/es\\\/author\\\/admin\\\/\"}]}<\/script>\n<!-- \/ Yoast SEO Premium plugin. -->","yoast_head_json":{"title":"Alquiler de coches Cura\u00e7ao: Kia Carens - Cura Explore","description":"\ud83d\udcc5 25-04-2025 \ud83c\udff7 Kia Carens, Alquiler de coches Cura\u00e7aoAlquiler de coches en Cura\u00e7ao: El Kia Carens 2025 te est\u00e1 esperandoCura Explore Car Rental tiene el","robots":{"index":"index","follow":"follow","max-snippet":"max-snippet:-1","max-image-preview":"max-image-preview:large","max-video-preview":"max-video-preview:-1"},"canonical":"https:\/\/cura-explore.com\/es\/alquiler-de-coches-curacao-kia-carens\/","og_locale":"es_ES","og_type":"article","og_title":"Alquiler de coches Cura\u00e7ao: Kia Carens","og_description":"\ud83d\udcc5 25-04-2025 \ud83c\udff7 Kia Carens, Alquiler de coches Cura\u00e7aoAlquiler de coches en Cura\u00e7ao: El Kia Carens 2025 te est\u00e1 esperandoCura Explore Car Rental tiene el","og_url":"https:\/\/cura-explore.com\/es\/alquiler-de-coches-curacao-kia-carens\/","og_site_name":"Cura Explore","article_publisher":"https:\/\/www.facebook.com\/profile.php?id=61557509752065","article_published_time":"2025-04-25T17:31:53+00:00","article_modified_time":"2025-04-29T16:42:53+00:00","og_image":[{"url":"https:\/\/cura-explore.com\/wp-content\/uploads\/2025\/04\/autohurenkiacarens-1024x683.png","type":"","width":"","height":""}],"author":"admin","twitter_card":"summary_large_image","twitter_misc":{"Escrito por":"admin","Tiempo de lectura":"2 minutos"},"schema":{"@context":"https:\/\/schema.org","@graph":[{"@type":"Article","@id":"https:\/\/cura-explore.com\/es\/alquiler-de-coches-curacao-kia-carens\/#article","isPartOf":{"@id":"https:\/\/cura-explore.com\/es\/alquiler-de-coches-curacao-kia-carens\/"},"author":{"name":"admin","@id":"https:\/\/cura-explore.com\/es\/#\/schema\/person\/44511b97269b386e33ade9d1d0afa5f4"},"headline":"Alquiler de coches Cura\u00e7ao: Kia Carens","datePublished":"2025-04-25T17:31:53+00:00","dateModified":"2025-04-29T16:42:53+00:00","mainEntityOfPage":{"@id":"https:\/\/cura-explore.com\/es\/alquiler-de-coches-curacao-kia-carens\/"},"wordCount":506,"publisher":{"@id":"https:\/\/cura-explore.com\/es\/#organization"},"image":{"@id":"https:\/\/cura-explore.com\/es\/alquiler-de-coches-curacao-kia-carens\/#primaryimage"},"thumbnailUrl":"https:\/\/cura-explore.com\/wp-content\/uploads\/2025\/04\/autohurenkiacarens-1024x683.png","inLanguage":"es"},{"@type":"WebPage","@id":"https:\/\/cura-explore.com\/es\/alquiler-de-coches-curacao-kia-carens\/","url":"https:\/\/cura-explore.com\/es\/alquiler-de-coches-curacao-kia-carens\/","name":"Alquiler de coches Cura\u00e7ao: Kia Carens - Cura Explore","isPartOf":{"@id":"https:\/\/cura-explore.com\/es\/#website"},"primaryImageOfPage":{"@id":"https:\/\/cura-explore.com\/es\/alquiler-de-coches-curacao-kia-carens\/#primaryimage"},"image":{"@id":"https:\/\/cura-explore.com\/es\/alquiler-de-coches-curacao-kia-carens\/#primaryimage"},"thumbnailUrl":"https:\/\/cura-explore.com\/wp-content\/uploads\/2025\/04\/autohurenkiacarens-1024x683.png","datePublished":"2025-04-25T17:31:53+00:00","dateModified":"2025-04-29T16:42:53+00:00","description":"\ud83d\udcc5 25-04-2025 \ud83c\udff7 Kia Carens, Alquiler de coches Cura\u00e7aoAlquiler de coches en Cura\u00e7ao: El Kia Carens 2025 te est\u00e1 esperandoCura Explore Car Rental tiene el","breadcrumb":{"@id":"https:\/\/cura-explore.com\/es\/alquiler-de-coches-curacao-kia-carens\/#breadcrumb"},"inLanguage":"es","potentialAction":[{"@type":"ReadAction","target":["https:\/\/cura-explore.com\/es\/alquiler-de-coches-curacao-kia-carens\/"]}]},{"@type":"ImageObject","inLanguage":"es","@id":"https:\/\/cura-explore.com\/es\/alquiler-de-coches-curacao-kia-carens\/#primaryimage","url":"https:\/\/cura-explore.com\/wp-content\/uploads\/2025\/04\/autohurenkiacarens-1024x683.png","contentUrl":"https:\/\/cura-explore.com\/wp-content\/uploads\/2025\/04\/autohurenkiacarens-1024x683.png"},{"@type":"BreadcrumbList","@id":"https:\/\/cura-explore.com\/es\/alquiler-de-coches-curacao-kia-carens\/#breadcrumb","itemListElement":[{"@type":"ListItem","position":1,"name":"Home","item":"https:\/\/cura-explore.com\/es\/"},{"@type":"ListItem","position":2,"name":"Alquiler de coches Cura\u00e7ao: Kia Carens"}]},{"@type":"WebSite","@id":"https:\/\/cura-explore.com\/es\/#website","url":"https:\/\/cura-explore.com\/es\/","name":"Cura Explore","description":"Cura\u00e7ao Car Rental","publisher":{"@id":"https:\/\/cura-explore.com\/es\/#organization"},"potentialAction":[{"@type":"SearchAction","target":{"@type":"EntryPoint","urlTemplate":"https:\/\/cura-explore.com\/es\/?s={search_term_string}"},"query-input":{"@type":"PropertyValueSpecification","valueRequired":true,"valueName":"search_term_string"}}],"inLanguage":"es"},{"@type":"Organization","@id":"https:\/\/cura-explore.com\/es\/#organization","name":"Cura Explore","url":"https:\/\/cura-explore.com\/es\/","logo":{"@type":"ImageObject","inLanguage":"es","@id":"https:\/\/cura-explore.com\/es\/#\/schema\/logo\/image\/","url":"https:\/\/cura-explore.com\/wp-content\/uploads\/2024\/06\/logo-transparency-file-2-2.png","contentUrl":"https:\/\/cura-explore.com\/wp-content\/uploads\/2024\/06\/logo-transparency-file-2-2.png","width":1506,"height":512,"caption":"Cura Explore"},"image":{"@id":"https:\/\/cura-explore.com\/es\/#\/schema\/logo\/image\/"},"sameAs":["https:\/\/www.facebook.com\/profile.php?id=61557509752065","https:\/\/www.instagram.com\/cura.explore","https:\/\/www.youtube.com\/@CuraExploreCarRentals"],"description":"Cura Explore Car Rentals B.V. is een jong dynamisch bedrijf, gericht op persoonlijk contact, hoogwaardige service, nieuwe autos en ultieme efficientie. Wanneer u op vakantie bent dan gaat het om gemak. U wilt niet uren op zoek zijn naar die ene betaalbare maar goede huurauto om vervolgens allerlei moeilijke formulieren te moeten invullen of kleine lettertjes te moeten lezen. U heeft geen zin om op het vliegveld een uur te wachten voordat u eindelijk uw huurauto krijgt. U wilt ook zeker niet voor verrassingen komen te staan en plotseling meer moeten betalen dan is afgesproken. U wilt geen buitenlandse nummers hoeven bellen om terecht te komen in allelei keuzemenu\u2019s. U wilt weten waar u aan toe bent! Gewoon een perfecte auto voor een perfecte prijs met duidelijke afspraken en fijne persoonlijk service. En dat is precies waar Cura Explore voor staat! Cura Explore: Uitsluitend nieuwe autos van hoge kwaliteit; het laatste wat u op vakantie wilt is een auto met mankementen. Persoonlijke service voorop; onze Whatsapp is de hele dag voor u beschikbaar. Wij kunnen via Whatsapp voor u een boeking maken, vragen beantwoorden, ondersteuning bieden bij problemen en meer. Brengt de auto waar u deze nodig heeft; wij zitten 1km van het vliegveld. Wanneer u uw auto op het vliegveld wilt ontvangen halen wij je op, rijden naar onze locatie, doen het papierwerk en kunt u uw weg vervolgen. Wilt u liever de auto bij uw hotel\/verblijf ontvangen? Geen probleem, wij komen naar u toe. Altijd inclusief 24\/7 pechhulp; Mocht u pech ondervinden komt er iemand naar u toe om te helpen. Kan de auto niet verder? Dan wordt u thuisgebracht en zorgen wij voor een vervangende auto. Altijd inclusief verzekering; Bij iedere reservering zit een verplichte basisverzekering met de optie van het afkopen van het eigen risico. Veilig betalen met uw bankpas of credit card: Wij hebben bij iedere levering een mobiele betaalautomaat bij ons. Cash is niet nodig. Niet voor niets scoort Cura Explore 5 uit 5 op de b","email":"info@cura-explore.com","telephone":"+59995204140","legalName":"FD Rooseveltweg 348, Willemstad, Curacao","foundingDate":"2024-06-01"},{"@type":"Person","@id":"https:\/\/cura-explore.com\/es\/#\/schema\/person\/44511b97269b386e33ade9d1d0afa5f4","name":"admin","image":{"@type":"ImageObject","inLanguage":"es","@id":"https:\/\/secure.gravatar.com\/avatar\/71dc6ae6c0aa95a5f2d9ced9245f9449bc49bee4d55f5d08f3c2910031162fa4?s=96&d=mm&r=g","url":"https:\/\/secure.gravatar.com\/avatar\/71dc6ae6c0aa95a5f2d9ced9245f9449bc49bee4d55f5d08f3c2910031162fa4?s=96&d=mm&r=g","contentUrl":"https:\/\/secure.gravatar.com\/avatar\/71dc6ae6c0aa95a5f2d9ced9245f9449bc49bee4d55f5d08f3c2910031162fa4?s=96&d=mm&r=g","caption":"admin"},"sameAs":["https:\/\/cura-explore.com"],"url":"https:\/\/cura-explore.com\/es\/author\/admin\/"}]}},"_links":{"self":[{"href":"https:\/\/cura-explore.com\/es\/wp-json\/wp\/v2\/posts\/1499","targetHints":{"allow":["GET"]}}],"collection":[{"href":"https:\/\/cura-explore.com\/es\/wp-json\/wp\/v2\/posts"}],"about":[{"href":"https:\/\/cura-explore.com\/es\/wp-json\/wp\/v2\/types\/post"}],"author":[{"embeddable":true,"href":"https:\/\/cura-explore.com\/es\/wp-json\/wp\/v2\/users\/1"}],"replies":[{"embeddable":true,"href":"https:\/\/cura-explore.com\/es\/wp-json\/wp\/v2\/comments?post=1499"}],"version-history":[{"count":3,"href":"https:\/\/cura-explore.com\/es\/wp-json\/wp\/v2\/posts\/1499\/revisions"}],"predecessor-version":[{"id":1502,"href":"https:\/\/cura-explore.com\/es\/wp-json\/wp\/v2\/posts\/1499\/revisions\/1502"}],"wp:attachment":[{"href":"https:\/\/cura-explore.com\/es\/wp-json\/wp\/v2\/media?parent=1499"}],"wp:term":[{"taxonomy":"category","embeddable":true,"href":"https:\/\/cura-explore.com\/es\/wp-json\/wp\/v2\/categories?post=1499"},{"taxonomy":"post_tag","embeddable":true,"href":"https:\/\/cura-explore.com\/es\/wp-json\/wp\/v2\/tags?post=1499"}],"curies":[{"name":"wp","href":"https:\/\/api.w.org\/{rel}","templated":true}]}}